{"id":11875,"date":"2025-12-17T16:36:59","date_gmt":"2025-12-17T16:36:59","guid":{"rendered":"https:\/\/maroclovers.com\/visiter-musee-yves-saint-laurent-marrakech\/"},"modified":"2025-12-19T14:00:43","modified_gmt":"2025-12-19T14:00:43","slug":"besok-museum-yves-saint-laurent-marrakech","status":"publish","type":"post","link":"https:\/\/maroclovers.com\/sv\/besok-museum-yves-saint-laurent-marrakech\/","title":{"rendered":"Yves Saint Laurent Museum (Marrakech): bes\u00f6k + foton"},"content":{"rendered":"\n<p>P\u00e5 bes\u00f6k i <strong>Marrakech<\/strong>? Missa inte <strong>Yves Saint Laurent-museet<\/strong>! Detta haute couture-tempel hyllar den franske couturierns kreativa geni i staden som inspirerade honom s\u00e5 mycket. Vi fascinerades av byggnadens<strong>moderna arkitektur<\/strong> med dess sensuella kurvor. Den f\u00f6r tankarna till v\u00e4vning av ett dyrbart tyg.   <\/p>\n\n<p>I den h\u00e4r artikeln hittar du ett urval av <strong>anv\u00e4ndbara tips<\/strong> som hj\u00e4lper dig att f\u00f6rbereda dig inf\u00f6r ditt bes\u00f6k och f\u00e5 en underbar tid!<\/p>\n\n<figure class=\"wp-block-image size-full\"><img decoding=\"async\" src=\"https:\/\/maroclovers.com\/wp-content\/uploads\/2025\/12\/visiter-musee-saint-laurent-marrakech-8.jpg\" alt=\"Yves Saint Laurent-museet Marrakech\" class=\"wp-image-11866\"\/><\/figure>\n\n<p>Detta \u00e4r en helt <strong>oberoende<\/strong> \u00e5sikt, baserad p\u00e5 v\u00e5r egen erfarenhet. Vi bes\u00f6kte regionen anonymt, gjorde v\u00e5ra egna val och betalade v\u00e5ra r\u00e4kningar till fullo.<\/p>\n\n<h2 class=\"wp-block-heading\">Varf\u00f6r bes\u00f6ka Yves Saint Laurent-museet i Marrakech<\/h2>\n\n<h3 class=\"wp-block-heading\">\u00c4r museet v\u00e4rt det? V\u00e5r \u00e5sikt:<\/h3>\n\n<p>Ja, Mus\u00e9e Yves Saint Laurent \u00e4r v\u00e4l v\u00e4rt ett bes\u00f6k, och inte bara f\u00f6r fashionistas. Vi blev \u00f6verv\u00e4ldigade av denna institution, som hyllar den franske couturierns arbete med <strong>elegans och modernitet<\/strong>. Byggnadens arkitektur \u00e4r i sig ett konstverk, medan de permanenta och tillf\u00e4lliga samlingarna erbjuder en fascinerande resa in i<strong>haute couturens v\u00e4rld.<\/strong> <br\/>Enligt v\u00e5r mening \u00e4r detta en av de <a href=\"https:\/\/maroclovers.com\/sv\/sevardheter-marrakech-att-gora\/#3_Visiter_le_Jardin_Majorelle_et_le_Musee_Yves_Saint_Laurent\" target=\"_blank\" rel=\"noreferrer noopener\">b\u00e4sta sakerna att g\u00f6ra i Marrakech.<\/a>  <\/p>\n\n<figure class=\"wp-block-image size-large\"><img decoding=\"async\" src=\"https:\/\/photos.smugmug.com\/Maroc-Lovers\/Marrakech\/Mus&#xE9;e-Yves-Saint-Laurent\/i-wwZjXgG\/0\/LzxJZpQhDxvgwp4xQ5Ns5n7pRB2SMs7CCMcCFRT6M\/L\/logo-entrance-musee-saint-laurent-marrakech-L.jpg\" alt=\"Mus&#xE9;e Yves Saint Laurent - &#xC4;r museet v&#xE4;rt det? V&#xE5;r uppfattning\"\/><\/figure>\n\n<h3 class=\"wp-block-heading\">Varf\u00f6r \u00e4r museet ber\u00f6mt?<\/h3>\n\n<p>Museet \u00e4r k\u00e4nt f\u00f6r att vara den<strong>enda institutionen i Marocko som \u00e4r till\u00e4gnad Yves Saint Laurent<\/strong>, den ikoniske designern som revolutionerade dammodet. Marrakech hade en speciell plats i couturierens hj\u00e4rta, d\u00e4r han \u00e4gde <strong>Majorelle Gardens<\/strong> och fann en outt\u00f6mlig inspirationsk\u00e4lla f\u00f6r sina skapelser. Uppt\u00e4ck hur den ockraf\u00e4rgade staden p\u00e5verkade hans mest emblematiska kollektioner.  <\/p>\n\n<figure class=\"wp-block-image size-large\"><img decoding=\"async\" src=\"https:\/\/photos.smugmug.com\/Maroc-Lovers\/Marrakech\/Mus&#xE9;e-Yves-Saint-Laurent\/i-2TdRmGJ\/0\/LmPpQCQdx5vXTHNv5WH7qR9LrfD27mgCDFCbVw9Jg\/L\/building-musee-saint-laurent-marrakech-L.jpg\" alt=\"Mus&#xE9;e Yves Saint Laurent - Varf&#xF6;r museet &#xE4;r k&#xE4;nt\"\/><\/figure>\n\n<h3 class=\"wp-block-heading\">V\u00e5ra favorit\u00f6gonblick<\/h3>\n\n<p>Vi tyckte s\u00e4rskilt mycket om det:<\/p>\n\n<ul class=\"wp-block-list\">\n<li>Den <strong>uppslukande scenografin i den permanenta utst\u00e4llningen<\/strong>, som \u00e5terger designerns karri\u00e4r i kronologisk ordning. <strong>Rummet som \u00e4gnas \u00e5t aftonkl\u00e4nningar<\/strong> bl\u00e4ndade oss med sina spektakul\u00e4ra kreationer.   <\/li>\n\n\n\n<li>Det<strong> audiovisuella utrymmet<\/strong>, d\u00e4r arkivfilmer avsl\u00f6jar intimiteten i den kreativa processen.<\/li>\n\n\n\n<li><strong>Byggnadens arkitektur<\/strong>, med sina sensuella kurvor som p\u00e5minner om tyg, \u00e4r i sig en anm\u00e4rkningsv\u00e4rd visuell upplevelse.<\/li>\n<\/ul>\n\n<figure class=\"wp-block-image size-large\"><img decoding=\"async\" src=\"https:\/\/photos.smugmug.com\/Maroc-Lovers\/Marrakech\/Mus&#xE9;e-Yves-Saint-Laurent\/i-jg4bLwM\/0\/NRF6cn9jgfPM33jq4TQhGZdqVvccxWhPxDJ7zrMV6\/L\/top-moment-musee-saint-laurent-marrakech-L.jpg\" alt=\"Mus&#xE9;e Yves Saint Laurent - V&#xE5;ra favorit&#xF6;gonblick\"\/><\/figure>\n\n<div style=\"margin-top:8%;margin-bottom:8%\" class=\"wp-block-genesis-blocks-gb-container box gb-block-container\"><div class=\"gb-container-inside\"><div class=\"gb-container-content\" style=\"max-width:700px\">\n<div class=\"wp-block-genesis-blocks-gb-container box_titre gb-block-container\"><div class=\"gb-container-inside\"><div class=\"gb-container-content\">\n<h5 class=\"titre_box\" style=\"padding-top:10px;\">VAR KAN MAN BO I <span class=\"titre_box_manuscrit\">Marrakech<\/span><\/h5>\n<\/div><\/div><\/div>\n\n\n\n<hr class=\"wp-block-separator has-text-color has-alpha-channel-opacity has-background is-style-wide hr-box-planif\" style=\"background-color:#ccd3dd;color:#ccd3dd\"\/>\n\n\n\n<div class=\"wp-block-columns box_sans_border is-layout-flex wp-container-core-columns-is-layout-9d6595d7 wp-block-columns-is-layout-flex\">\n<div class=\"wp-block-column texte_planif is-layout-flow wp-block-column-is-layout-flow\" style=\"font-size:14px;flex-basis:60%\">\n<p class=\"option_titre2\">V\u00e5ra favoriter: stadsdelar och hotell<\/p>\n\n\n\n<p style=\"font-size:14px\"><strong>I Medina<\/strong><\/p>\n\n\n\n<p style=\"font-size:14px\">Riad Kbour &amp; Chou &#8211; <a href=\"https:\/\/www.booking.com\/hotel\/ma\/riad-kbour-amp-chou.fr.html?aid=2432849\" target=\"_blank\" rel=\"noreferrer noopener sponsored nofollow\">Se priser, bilder och tillg\u00e4nglighet<\/a><\/p>\n\n\n\n<p style=\"font-size:14px\"><strong>I Kasbah, en gammal bef\u00e4st stadsdel<\/strong><\/p>\n\n\n\n<p style=\"font-size:14px\">Riad Jonan &amp; Spa &#8211; <a href=\"https:\/\/www.booking.com\/hotel\/ma\/riad-jonan.html?aid=2432849\" target=\"_blank\" rel=\"noreferrer noopener sponsored nofollow\">Se priser, bilder och tillg\u00e4nglighet<\/a><\/p>\n\n\n\n<p style=\"font-size:14px\"><strong>Lyxhotell<\/strong><\/p>\n\n\n\n<p style=\"font-size:14px\">H\u00f4tel Royal Mansour &#8211; <a href=\"https:\/\/www.booking.com\/hotel\/ma\/royal-mansour-marrakech.fr.html?aid=2432849\" target=\"_blank\" rel=\"noreferrer noopener sponsored nofollow\">Se priser, bilder och tillg\u00e4nglighet<\/a><\/p>\n<\/div>\n\n\n\n<div class=\"wp-block-column is-vertically-aligned-top planif-radius is-layout-flow wp-block-column-is-layout-flow\" style=\"flex-basis:40%\">\n<figure class=\"wp-block-image size-large img-portrait\"><img decoding=\"async\" src=\"https:\/\/photos.smugmug.com\/Maroc-Lovers\/Marrakech\/O%C3%B9-dormir\/i-3VCPzzJ\/0\/MZCGJ2MtXBfBjBjBRxrzTSpS6kwcN6WttCHNZ5tZG\/L\/hotel%20royal%20mansour%20Marrakech-2-L.jpg\" alt=\"Royal Mansour Hotell\" title=\"\"\/><\/figure>\n<\/div>\n<\/div>\n\n\n\n<p class=\"has-text-align-center has-normal-font-size\"><a href=\"https:\/\/maroclovers.com\/sv\/var-kan-bo-marrakech-basta-hotellen-stadsdelarna\/\" target=\"_blank\" rel=\"noreferrer noopener\">Se v\u00e5rt kompletta urval av de b\u00e4sta hotellen i Marrakech<\/a><\/p>\n\n\n\n<div class=\"wp-block-buttons planif_bouton is-content-justification-center is-layout-flex wp-container-core-buttons-is-layout-16018d1d wp-block-buttons-is-layout-flex\">\n<div class=\"wp-block-button\"><a class=\"wp-block-button__link has-white-color has-text-color has-custom-font-size wp-element-button\" href=\"https:\/\/www.booking.com\/searchresults.html?city=-38833&amp;nflt=review_score%253D90%253Breview_score%253D80&amp;aid=2432849&amp;no_rooms=1&amp;group_adults=2\" style=\"border-radius:4px;font-size:14px\" target=\"_blank\" rel=\"noreferrer noopener nofollow\">Se alla tillg\u00e4ngliga boenden &gt;&gt;<\/a><\/div>\n<\/div>\n<\/div><\/div><\/div>\n\n<h3 class=\"wp-block-heading\">Historia i korthet<\/h3>\n\n<p>Yves Saint Laurent-museet i Marrakech \u00f6ppnade sina d\u00f6rrar i oktober 2017, samtidigt som det i Paris. Det \u00e4r resultatet av ett samarbete mellan Fondation Pierre Berg\u00e9 &#8211; Yves Saint Laurent och arkitekterna p\u00e5 Studio KO. H\u00e4r \u00e4r de viktigaste datumen:  <\/p>\n\n<ul class=\"wp-block-list\">\n<li>1966: Yves Saint Laurents f\u00f6rsta bes\u00f6k i Marrakech<\/li>\n\n\n\n<li>1980: YSL och Pierre Berg\u00e9 f\u00f6rv\u00e4rvar Majorelle Gardens<\/li>\n\n\n\n<li>2008: Couturierens d\u00f6d vars aska \u00e4r spridd i tr\u00e4dg\u00e5rdarna<\/li>\n\n\n\n<li>2014: Byggandet av museet inleds<\/li>\n\n\n\n<li>2017: Officiell invigning av museet<\/li>\n\n\n\n<li>2019: Museet v\u00e4lkomnar redan sin 500.000:e bes\u00f6kare<\/li>\n<\/ul>\n\n<figure class=\"wp-block-image size-large\"><img decoding=\"async\" src=\"https:\/\/photos.smugmug.com\/Maroc-Lovers\/Marrakech\/Mus&#xE9;e-Yves-Saint-Laurent\/i-MBmQ4Hr\/0\/MS26L6X7ZqhWsvbjr7fdNPDB33WKFbLQTXb3dpRD8\/L\/history-musee-saint-laurent-marrakech-L.jpg\" alt=\"Mus&#xE9;e Yves Saint Laurent - En kort historik\"\/><\/figure>\n\n<h2 class=\"wp-block-heading\">Tillg\u00e5ng: Yves Saint Laurent Museum, Marrakech<\/h2>\n\n<h3 class=\"wp-block-heading\">Var ligger museet?<\/h3>\n\n<ul class=\"wp-block-list\">\n<li>I stadsdelen <strong>Gu\u00e9liz<\/strong> i Marrakech<\/li>\n\n\n\n<li><strong>Rue Yves Saint Laurent<\/strong><\/li>\n\n\n\n<li>Angr\u00e4nsar till de ber\u00f6mda <strong>Majorelle-tr\u00e4dg\u00e5rdarna<\/strong><\/li>\n\n\n\n<li>15 minuter med bil fr\u00e5n medinan<\/li>\n<\/ul>\n\n<figure class=\"wp-block-image size-large\"><img decoding=\"async\" src=\"https:\/\/photos.smugmug.com\/Maroc-Lovers\/Marrakech\/Mus&#xE9;e-Yves-Saint-Laurent\/i-q6qGbd4\/0\/MBP7hRXtzZB8z9SctwB4S565N9PmjwKM4pcdSGWXv\/L\/where-musee-saint-laurent-marrakech-L.jpg\" alt=\"Mus&#xE9;e Yves Saint Laurent - Var ligger museet?\"\/><\/figure>\n\n<div style=\"margin-top:8%;margin-bottom:8%\" class=\"wp-block-genesis-blocks-gb-container box gb-block-container\"><div class=\"gb-container-inside\"><div class=\"gb-container-content\">\n<div class=\"wp-block-columns inverse box_planif is-layout-flex wp-container-core-columns-is-layout-9d6595d7 wp-block-columns-is-layout-flex\">\n<div class=\"wp-block-column texte_planif is-layout-flow wp-block-column-is-layout-flow\" style=\"flex-basis:60%\">\n<h5 class=\"titre_box\" style=\"padding-top:10px;\">V\u00c5RA TIPS F\u00d6R ATT HYRA BIL I <span class=\"titre_box_manuscrit\">Marocko<\/span><\/h5>\n\n\n\n<ul style=\"font-size:14px\" class=\"wp-block-list\">\n<li>J\u00e4mf\u00f6r priser p\u00e5 v\u00e5r f\u00f6redragna plattform: <a href=\"https:\/\/www.discovercars.com\/se\/morocco?a_aid=zigzag&amp;chan=maroc\" target=\"_blank\" rel=\"noreferrer noopener nofollow\">DiscoverCars<\/a> &#8211; en av de b\u00e4st rankade webbplatserna.<\/li>\n\n\n\n<li>Anpassa ditt val av fordon till din resv\u00e4g!<\/li>\n\n\n\n<li>F\u00f6r fler valm\u00f6jligheter, <strong>boka tidigt<\/strong>.<\/li>\n<\/ul>\n<\/div>\n\n\n\n<div class=\"wp-block-column planif-radius-2 is-layout-flow wp-block-column-is-layout-flow\">\n<figure class=\"wp-block-image size-large voiture_image\"><img decoding=\"async\" src=\"https:\/\/photos.smugmug.com\/Travel\/Morocco-all\/Morocco\/i-KDMQCZb\/4\/NXBrCVn8rWSm5NQQ9T5SCqjxhchbDNJ26tPBjGcZS\/S\/P1000664-S.jpg\" alt=\"leda till Marocko\"\/><\/figure>\n<\/div>\n<\/div>\n\n\n\n<div class=\"wp-block-columns planif_bouton is-layout-flex wp-container-core-columns-is-layout-9d6595d7 wp-block-columns-is-layout-flex\">\n<div class=\"wp-block-column is-vertically-aligned-top is-layout-flow wp-block-column-is-layout-flow\">\n<div class=\"wp-block-buttons is-content-justification-center is-layout-flex wp-container-core-buttons-is-layout-16018d1d wp-block-buttons-is-layout-flex\">\n<div class=\"wp-block-button\"><a class=\"wp-block-button__link has-white-color has-text-color wp-element-button\" href=\"https:\/\/www.discovercars.com\/se\/morocco?a_aid=zigzag&amp;amp;chan=maroc\" target=\"_blank\" rel=\"noreferrer noopener nofollow\">Se tillg\u00e4ngliga bilar &gt;&gt;<\/a><\/div>\n<\/div>\n<\/div>\n\n\n\n<div class=\"wp-block-column is-vertically-aligned-center is-layout-flow wp-block-column-is-layout-flow\">\n<p class=\"has-text-align-center\" style=\"font-size:16px\">L\u00e4s v\u00e5ra r\u00e5d (kommer snart)<\/p>\n<\/div>\n<\/div>\n<\/div><\/div><\/div>\n\n<h3 class=\"wp-block-heading\">Hur kommer jag dit?<\/h3>\n\n<ul class=\"wp-block-list\">\n<li>Museet ligger i den moderna stadsdelen Gu\u00e9liz, inom bekv\u00e4mt r\u00e4ckh\u00e5ll fr\u00e5n stadens centrum.  <\/li>\n\n\n\n<li>Du kan ta en taxi fr\u00e5n medinan (kostar ca 50 dirham) eller anv\u00e4nda bussarna p\u00e5 linje 4 som trafikerar stadsdelen.  <\/li>\n\n\n\n<li>Vi rekommenderar att du kombinerar ditt bes\u00f6k med ett bes\u00f6k i <strong>Majorelle Gardens<\/strong> och <strong>Pierre Berg\u00e9 Museum of Berber Arts,<\/strong> som ligger precis intill. Du kan boka dina biljetter i f\u00f6rv\u00e4g: <a href=\"https:\/\/www.getyourguide.com\/fr-fr\/prefecture-de-marrakech-l208\/entree-au-jardin-majorelle-yves-saint-laurent-et-au-musee-berbere-t665852\/?partner_id=R3GYW4V&amp;cmp=maroc\" target=\"_blank\" rel=\"noreferrer noopener sponsored nofollow\">Se priser, bilder och tillg\u00e4nglighet<\/a> <\/li>\n<\/ul>\n\n<figure class=\"wp-block-image size-large\"><img decoding=\"async\" src=\"https:\/\/photos.smugmug.com\/Maroc-Lovers\/Marrakech\/Mus&#xE9;e-Yves-Saint-Laurent\/i-86FzXjN\/0\/KT826xCVPGFpfccXv43SGSkjsgQ7MGL8VmTc47sJx\/L\/majorelle-musee-saint-laurent-marrakech-L.jpg\" alt=\"Mus&#xE9;e Yves Saint Laurent - Hur man tar sig dit\"\/><figcaption class=\"wp-element-caption\">Majorelles tr\u00e4dg\u00e5rdar<\/figcaption><\/figure>\n\n<h3 class=\"wp-block-heading\">Parkeringsplats<\/h3>\n\n<ul class=\"wp-block-list\">\n<li>Det finns en bevakad parkeringsplats direkt framf\u00f6r museet, som delas med Jardins Majorelle. Parkering kostar cirka 20 dirham f\u00f6r en dag.   <\/li>\n\n\n\n<li>Vi rekommenderar att du kommer i god tid, s\u00e4rskilt under h\u00f6gs\u00e4song, eftersom platserna fylls snabbt.  <\/li>\n\n\n\n<li>Du hittar ocks\u00e5 parkeringsplatser l\u00e4ngs rue Yves Saint Laurent, men anv\u00e4nd den officiella parkeringen f\u00f6r extra s\u00e4kerhet.<\/li>\n<\/ul>\n\n<figure class=\"wp-block-image size-large\"><img decoding=\"async\" src=\"https:\/\/photos.smugmug.com\/Maroc-Lovers\/Marrakech\/Mus&#xE9;e-Yves-Saint-Laurent\/i-CMk42NK\/0\/Kmznb2mCL4DBcjXS9KD4r9GpT343J3BZMv8DCLtxd\/L\/street-musee-saint-laurent-marrakech-L.jpg\" alt=\"Mus&#xE9;e Yves Saint Laurent - Bilparkering\"\/><\/figure>\n\n<div style=\"margin-top:8%;margin-bottom:8%\" class=\"wp-block-genesis-blocks-gb-container box gb-block-container\"><div class=\"gb-container-inside\"><div class=\"gb-container-content\">\n<div class=\"wp-block-columns inverse is-layout-flex wp-container-core-columns-is-layout-9d6595d7 wp-block-columns-is-layout-flex\">\n<div class=\"wp-block-column texte_planif is-layout-flow wp-block-column-is-layout-flow\" style=\"flex-basis:58%\">\n<h5 class=\"titre_box\" style=\"padding-top:10px;\">UPPT\u00c4CK <span class=\"titre_box_manuscrit\">Marrakech<\/span><\/h5>\n\n\n\n<ul class=\"wp-block-list ul_box\">\n<li style=\"font-size:16px\"><a href=\"https:\/\/maroclovers.com\/sv\/sevardheter-marrakech-att-gora\/\" target=\"_blank\" rel=\"noreferrer noopener\">Sev\u00e4rdheter i Marrakech<\/a><\/li>\n\n\n\n<li style=\"font-size:16px\"><a href=\"https:\/\/maroclovers.com\/sv\/var-kan-bo-marrakech-basta-hotellen-stadsdelarna\/\" target=\"_blank\" rel=\"noreferrer noopener\">De b\u00e4sta hotellen i Marrakech<\/a><\/li>\n\n\n\n<li style=\"font-size:16px\"><a href=\"https:\/\/maroclovers.com\/sv\/basta-5-stjarniga-hotellen-marrakech-lyx-recensioner\/\" target=\"_blank\" rel=\"noreferrer noopener\">Lyxhotell<\/a><\/li>\n\n\n\n<li style=\"font-size:16px\">B\u00e4sta restaurangerna (kommer snart)<\/li>\n\n\n\n<li style=\"font-size:16px\">Resplaner: <a href=\"https:\/\/maroclovers.com\/sv\/besok-marrakech-2-dagar-resvagar\/\" type=\"post\" id=\"12230\" target=\"_blank\" rel=\"noreferrer noopener\">2 dagar<\/a> &#8211; <a href=\"https:\/\/maroclovers.com\/sv\/besok-agadir-3-dagar-resvagar\/\" type=\"post\" id=\"12341\" target=\"_blank\" rel=\"noreferrer noopener\">3 dagar<\/a> &#8211; <a href=\"https:\/\/maroclovers.com\/sv\/besok-marrakech-en-vecka-resvagar\/\" type=\"post\" id=\"12013\" target=\"_blank\" rel=\"noreferrer noopener\">1 vecka<\/a><\/li>\n\n\n\n<li style=\"font-size:16px\"><a href=\"https:\/\/maroclovers.com\/sv\/besok-jardin-majorelle-museum-berber-arts-pierre-berger-marrakech\/\">Jardin Majorelle<\/a><\/li>\n\n\n\n<li style=\"font-size:16px\"><a href=\"https:\/\/maroclovers.com\/sv\/hur-man-tar-sig-till-marrakech\/\" type=\"post\" id=\"12424\" target=\"_blank\" rel=\"noreferrer noopener\">Hur man tar sig dit<\/a><\/li>\n<\/ul>\n<\/div>\n\n\n\n<div class=\"wp-block-column ville-radius is-layout-flow wp-block-column-is-layout-flow\" style=\"flex-basis:42%\">\n<figure class=\"wp-block-image size-large img-portrait\"><img decoding=\"async\" src=\"https:\/\/photos.smugmug.com\/Maroc-Lovers\/Marrakech\/Best-of\/i-xH8MJPC\/0\/LR76SPbQQvRcSW63mhWM9vKkwz8tRrJLx3nFng6hf\/L\/best%20thisng%20to%20do%20marrakech-26-L.jpg\" alt=\"El Badi-palatset\" title=\"\"\/><\/figure>\n<\/div>\n<\/div>\n<\/div><\/div><\/div>\n\n<h2 class=\"wp-block-heading\">Anv\u00e4ndbara tips: varaktighet, tidtabeller, \u00e4ta&#8230;<\/h2>\n\n<h3 class=\"wp-block-heading\">B\u00e4sta tiden att bes\u00f6ka<\/h3>\n\n<ul class=\"wp-block-list\">\n<li>Vi rekommenderar att du bes\u00f6ker museet p\u00e5 morgonen, n\u00e4r det \u00f6ppnar kl. 10.00, f\u00f6r att dra nytta av de mindre folkmassorna.  <\/li>\n\n\n\n<li>Undvik helger och marockanska allm\u00e4nna helgdagar, n\u00e4r folkmassorna \u00e4r som st\u00f6rst.  <\/li>\n\n\n\n<li>Den idealiska perioden \u00e4r fr\u00e5n oktober till maj, d\u00e5 temperaturen \u00e4r mildare i Marrakech.  <\/li>\n\n\n\n<li>Du kommer s\u00e4rskilt att uppskatta svalkan i de luftkonditionerade rummen under sommarm\u00e5naderna.<\/li>\n<\/ul>\n\n<figure class=\"wp-block-image size-large\"><img decoding=\"async\" src=\"https:\/\/photos.smugmug.com\/Maroc-Lovers\/Marrakech\/Mus&#xE9;e-Yves-Saint-Laurent\/i-vjnVkkZ\/0\/M4M9RD55qWbsVt9fDdxkmRzVgrdbXx9dDb8gTsmbk\/L\/entrance-door-musee-saint-laurent-marrakech-L.jpg\" alt=\"Mus&#xE9;e Yves Saint Laurent - B&#xE4;sta tiden att bes&#xF6;ka\"\/><\/figure>\n\n<h3 class=\"wp-block-heading\">Bes\u00f6ksl\u00e4ngd och huvudsakliga sv\u00e5righeter<\/h3>\n\n<ul class=\"wp-block-list\">\n<li><\/li>\n\n\n\n<li>R\u00e4kna med mellan 1? och 2 timmar f\u00f6r en fullst\u00e4ndig visning av museet.  <\/li>\n\n\n\n<li>Anl\u00e4ggningen \u00e4r fullt tillg\u00e4nglig f\u00f6r personer med nedsatt r\u00f6rlighet. Vi uppskattade den smidiga rutten, utan trappor eller hinder.   <\/li>\n\n\n\n<li>Rummen \u00e4r rymliga och v\u00e4lplanerade, vilket g\u00f6r det l\u00e4tt att r\u00f6ra sig \u00e4ven under hektiska perioder. Du kan ta pauser i de viloplatser som finns. <\/li>\n<\/ul>\n\n<figure class=\"wp-block-image size-large\"><img decoding=\"async\" src=\"https:\/\/photos.smugmug.com\/Maroc-Lovers\/Marrakech\/Mus&#xE9;e-Yves-Saint-Laurent\/i-q9jJmc9\/0\/MSpmxW64BkbZX9QppBmnzcXDtdfkZFvTLbhNtXMvB\/L\/fountain-musee-saint-laurent-marrakech-L.jpg\" alt=\"Mus&#xE9;e Yves Saint Laurent - Bes&#xF6;ksl&#xE4;ngd och huvudsakliga sv&#xE5;righeter\"\/><\/figure>\n\n<h3 class=\"wp-block-heading\">Bes\u00f6ksriktning<\/h3>\n\n<p>Vi inledde v\u00e5rt bes\u00f6k med den permanenta utst\u00e4llningen. D\u00e4refter bes\u00f6kte vi de tv\u00e5 tillf\u00e4lliga utst\u00e4llningarna innan vi gick vidare till atelj\u00e9n och avslutade bes\u00f6ket i Pierre Berg\u00e9s auditorium. <\/p>\n\n<figure class=\"wp-block-image size-large\"><img decoding=\"async\" src=\"https:\/\/photos.smugmug.com\/Maroc-Lovers\/Marrakech\/Mus&#xE9;e-Yves-Saint-Laurent\/i-tK9sQgJ\/0\/NPcS3HK7kVWwcwPX5mWn8vJxdRxJZ2Pzpjg3vNwsG\/L\/direction-musee-saint-laurent-marrakech-L.jpghttps:\/\/photos.smugmug.com\/Maroc-Lovers\/Marrakech\/Mus&#xE9;e-Yves-Saint-Laurent\/i-tK9sQgJ\/0\/NPcS3HK7kVWwcwPX5mWn8vJxdRxJZ2Pzpjg3vNwsG\/L\/direction-musee-saint-laurent-marrakech-L.jpg\" alt=\"Mus&#xE9;e Yves Saint Laurent - R&#xE5;d om vart man ska g&#xE5;\"\/><\/figure>\n\n<div style=\"background-color:#fefefe;margin-top:6%;margin-bottom:6%\" class=\"wp-block-genesis-blocks-gb-container box gb-block-container\"><div class=\"gb-container-inside\"><div class=\"gb-container-content\" style=\"max-width:700px\">\n<div class=\"wp-block-columns inverse is-layout-flex wp-container-core-columns-is-layout-9d6595d7 wp-block-columns-is-layout-flex\">\n<div class=\"wp-block-column texte_planif is-layout-flow wp-block-column-is-layout-flow\" style=\"flex-basis:58%\">\n<h5 class=\"titre_box\">LITE MER T\u00c5LAMOD<\/h5>\n\n\n\n<p style=\"font-size:14px\">MarockoAlla foton, kartor, information och anv\u00e4ndbara adresser som du beh\u00f6ver f\u00f6r att f\u00e5 ut det mesta av din vistelse p\u00e5 kommer snart att finnas tillg\u00e4ngliga i en enda e-bok!<\/p>\n\n\n\n<p style=\"font-size:14px\">Kommer snart!<\/p>\n<\/div>\n\n\n\n<div class=\"wp-block-column is-layout-flow wp-block-column-is-layout-flow\" style=\"flex-basis:42%\">\n<div class=\"wp-block-genesis-blocks-gb-container ebook-radius-waitlist gb-block-container\"><div class=\"gb-container-inside\"><div class=\"gb-container-content\"><div class=\"wp-block-image ebook-image\">\n<figure class=\"aligncenter size-large\"><img decoding=\"async\" src=\"https:\/\/loirelovers.fr\/wp-content\/uploads\/2023\/03\/ebooks_CorseNormandie_FR.png\" alt=\"Box Ebook Korsika FR\"\/><\/figure>\n<\/div><\/div><\/div><\/div>\n<\/div>\n<\/div>\n<\/div><\/div><\/div>\n\n<h3 class=\"wp-block-heading\">Bes\u00f6k med barn<\/h3>\n\n<p>Bes\u00f6ket \u00e4r perfekt f\u00f6r hela familjen. Vi m\u00e4rkte att de yngsta bes\u00f6karna var s\u00e4rskilt fascinerade av de spektakul\u00e4ra kl\u00e4nningarna och de f\u00e4rgglada accessoarerna, medan det audiovisuella omr\u00e5det erbj\u00f6d en v\u00e4lkommen paus i upplevelsen. Turen \u00e4r smidig och relativt kort, vilket g\u00f6r den till en tillg\u00e4nglig kulturupplevelse, f\u00f6rutsatt att tempot och f\u00f6rv\u00e4ntningarna anpassas. Utrymmet \u00e4r tillr\u00e4ckligt stort f\u00f6r att familjer ska kunna r\u00f6ra sig bekv\u00e4mt.   <\/p>\n\n<figure class=\"wp-block-image size-large\"><img decoding=\"async\" src=\"https:\/\/photos.smugmug.com\/Maroc-Lovers\/Marrakech\/Mus&#xE9;e-Yves-Saint-Laurent\/i-j76V8n3\/0\/L6H57nXFsWjqh9LQg3wBxVdcSr7dsbX5mRB5SBP8g\/L\/children-musee-saint-laurent-marrakech-L.jpg\" alt=\"Mus&#xE9;e Yves Saint Laurent - Bes&#xF6;k med barn\"\/><\/figure>\n\n<h3 class=\"wp-block-heading\">\u00d6ppettider och priser<\/h3>\n\n<p>Museet \u00e4r \u00f6ppet:<\/p>\n\n<ul class=\"wp-block-list\">\n<li><strong>Alla dagar utom onsdagar, kl. 10.00-18.30<\/strong> (sista insl\u00e4pp kl. 18.00)<\/li>\n\n\n\n<li>Biljettpris f\u00f6r vuxna: <strong>140 dirham<\/strong><\/li>\n<\/ul>\n\n<p>F\u00f6r de senaste priserna, bes\u00f6k den officiella webbplatsen <a href=\"https:\/\/www.museeyslmarrakech.com\/fr\/\" target=\"_blank\" rel=\"noreferrer noopener nofollow\">h\u00e4r.<\/a><\/p>\n\n<figure class=\"wp-block-image size-large\"><img decoding=\"async\" src=\"https:\/\/photos.smugmug.com\/Maroc-Lovers\/Marrakech\/Mus&#xE9;e-Yves-Saint-Laurent\/i-FwdwhNb\/0\/LCJGRgKMCvx32sXNMg35xN7wvxPhHPwbFTpQfZDF6\/L\/hours-musee-saint-laurent-marrakech-L.jpg\" alt=\"Mus&#xE9;e Yves Saint Laurent - &#xD6;ppettider och priser\"\/><\/figure>\n\n<h3 class=\"wp-block-heading\">Guidade turer<\/h3>\n\n<ul class=\"wp-block-list\">\n<li>En gratis audioguide finns tillg\u00e4nglig via QR-kod p\u00e5 flera spr\u00e5k (franska, engelska, arabiska) och vi rekommenderar den varmt f\u00f6r att f\u00f6rgylla ditt bes\u00f6k.  <\/li>\n\n\n\n<li>Vi s\u00e5g inte n\u00e5gra guidade turer p\u00e5 plats. Mer information p\u00e5 museets officiella webbplats <a href=\"https:\/\/www.museeyslmarrakech.com\/fr\/\" target=\"_blank\" rel=\"noreferrer noopener nofollow\">h\u00e4r.<\/a> <\/li>\n<\/ul>\n\n<figure class=\"wp-block-image size-large\"><img decoding=\"async\" src=\"https:\/\/photos.smugmug.com\/Maroc-Lovers\/Marrakech\/Mus&#xE9;e-Yves-Saint-Laurent\/i-SX8jjh3\/0\/KWWHcFxfxqrM6XmQJvKv39mFrVzktjgr6Ksd9xWTf\/L\/guide-musee-saint-laurent-marrakech-L.jpg\" alt=\"Mus&#xE9;e Yves Saint Laurent - Guidade turer\"\/><\/figure>\n\n<h3 class=\"wp-block-heading\">Catering<\/h3>\n\n<p>Museet har en elegant caf\u00e9-restaurang med terrass, <strong>Caf\u00e9 Le Studio<\/strong>, som erbjuder en v\u00e4lkommen paus efter ditt bes\u00f6k. H\u00e4r kan du njuta av l\u00e4tta r\u00e4tter inspirerade av det marockanska och franska k\u00f6ket i en raffinerad och modern milj\u00f6. Priserna \u00e4r h\u00f6gre \u00e4n i stan, men kvaliteten \u00e4r i toppklass. Vi gillade s\u00e4rskilt font\u00e4nen och den stora uppfriskande poolen.   <\/p>\n\n<figure class=\"wp-block-image size-large\"><img decoding=\"async\" src=\"https:\/\/photos.smugmug.com\/Maroc-Lovers\/Marrakech\/Mus&#xE9;e-Yves-Saint-Laurent\/i-VtDnhDv\/0\/NW4BSKN86cQZzkBwjBG6XRsZLX7n4Sg7zf9NJNtLg\/L\/restaurant-musee-saint-laurent-marrakech-L.jpg\" alt=\"Mus&#xE9;e Yves Saint Laurent - Restaurering\"\/><figcaption class=\"wp-element-caption\">Caf\u00e9 Le Studio terrass<\/figcaption><\/figure>\n\n<h2 class=\"wp-block-heading\">Samtida arkitektur i kreativitetens tj\u00e4nst<\/h2>\n\n<h3 class=\"wp-block-heading\">En fasad inspirerad av textilier<\/h3>\n\n<p>Museets fasad tilltalade oss omedelbart p\u00e5 grund av sin dj\u00e4rva arkitektur. Arkitekterna p\u00e5 Studio KO har skapat ett kuvert av terrakotta-tegelstenar som \u00e4r arrangerade som tr\u00e5darna i ett tyg, vilket skapar ett hypnotiskt geometriskt m\u00f6nster. Strukturen p\u00e5minner om haute couture, men \u00e4r \u00e4nd\u00e5 i linje med den marockanska arkitekturtraditionen. Du kommer att m\u00e4rka hur ljuset spelar olika p\u00e5 denna yta vid olika tidpunkter p\u00e5 dagen, vilket skapar skiftande skuggor som ger fasaden liv. Vi slogs av denna lyckade syntes av modernitet och lokala referenser.    <\/p>\n\n<figure class=\"wp-block-image size-large\"><img decoding=\"async\" src=\"https:\/\/photos.smugmug.com\/Maroc-Lovers\/Marrakech\/Mus&#xE9;e-Yves-Saint-Laurent\/i-SwfsmVr\/0\/KRcRqDtNzTjRXFRPNWx4ckvK2wS5GgXmxB8M4cTGf\/L\/architecture-musee-saint-laurent-marrakech-L.jpg\" alt=\"Mus&#xE9;e Yves Saint Laurent - En fasad inspirerad av textilier\"\/><\/figure>\n\n<h3 class=\"wp-block-heading\">Utrymmen utformade f\u00f6r kontemplation<\/h3>\n\n<p>Inv\u00e4ndigt bjuder museet p\u00e5 en rad gener\u00f6st tilltagna utrymmen som badar i ett skickligt kontrollerat naturligt ljus. Vi beundrade s\u00e4rskilt den runda entr\u00e9hallen med sitt v\u00e4lvda tak, som skapar en atmosf\u00e4r av kontemplation som bidrar till uppt\u00e4ckter. Font\u00e4nterrassen \u00e4r ocks\u00e5 en v\u00e4lkommen oas av svalka, b\u00e5de genom sin f\u00e4rg och genom n\u00e4rvaron av vatten.  <\/p>\n\n<figure class=\"wp-block-image size-large\"><img decoding=\"async\" src=\"https:\/\/photos.smugmug.com\/Maroc-Lovers\/Marrakech\/Mus&#xE9;e-Yves-Saint-Laurent\/i-p57jtz3\/0\/Mh2B9M84RXLF2pTN9Gp6Q5NNHfcdZ4xKGkBDCjHfT\/L\/inside-musee-saint-laurent-marrakech-L.jpg\" alt=\"Mus&#xE9;e Yves Saint Laurent - Utrymmen avsedda f&#xF6;r kontemplation\"\/><\/figure>\n\n<h2 class=\"wp-block-heading\">Den permanenta utst\u00e4llningen: en emblematisk rundtur i couture<\/h2>\n\n<p>Observera att <strong>fotografering inte \u00e4r till\u00e5ten i den permanenta utst\u00e4llningen<\/strong> f\u00f6r att bevara de \u00f6mt\u00e5liga textilverken.<\/p>\n\n<h3 class=\"wp-block-heading\">Dior-\u00e5ren: en ung designers dj\u00e4rvhet<\/h3>\n\n<p>Den f\u00f6rsta delen av den permanenta utst\u00e4llningen ber\u00e4ttar om Yves Saint Laurents kometkarri\u00e4r hos Christian Dior. Vid bara 21 \u00e5rs \u00e5lder blev han konstn\u00e4rlig ledare f\u00f6r det prestigefyllda modehuset efter grundarens pl\u00f6tsliga d\u00f6d 1957. Vi blev r\u00f6rda av originalskisserna och de tidiga designerna som redan vittnar om hans kreativa geni. Du kommer att uppt\u00e4cka 1958 \u00e5rs &#8221;Trap\u00e8ze&#8221;-kollektion, som revolutionerade den kvinnliga silhuetten genom att frig\u00f6ra kroppen fr\u00e5n New Looks begr\u00e4nsningar. Denna banbrytande period avsl\u00f6jar en v\u00e5gad ung man som redan var p\u00e5 jakt efter en ny modern elegans.    <\/p>\n\n<figure class=\"wp-block-image size-large\"><img decoding=\"async\" src=\"https:\/\/photos.smugmug.com\/Maroc-Lovers\/Marrakech\/Mus&#xE9;e-Yves-Saint-Laurent\/i-JHZmPS6\/0\/KH9mQPfLQWVsT4fKcGqhBwqR2xMCrtNfrhCKWVLc5\/L\/dior-musee-saint-laurent-marrakech-L.jpg\" alt=\"Mus&#xE9;e Yves Saint Laurent - Dior-&#xE5;ren: en ung designers dj&#xE4;rvhet\"\/><\/figure>\n\n<h3 class=\"wp-block-heading\">Ett personligt arbete mellan str\u00e4nghet och frihet<\/h3>\n\n<p>I det centrala rummet visas de ikoniska kreationer som definierade Saint Laurent-stilen. Vi beundrade den kvinnliga middagskavajen fr\u00e5n 1966, ett veritabelt manifest f\u00f6r kvinnokl\u00e4dernas frig\u00f6relse. Mondrianska kl\u00e4nningar med rena geometriska linjer samsas med \u00f6verd\u00e5diga aftonkl\u00e4nningar broderade med p\u00e4rlor och paljetter. Du kommer att fascineras av det exceptionella tekniska m\u00e4sterskapet i dessa plagg, d\u00e4r sk\u00e4rningens stringens m\u00f6ter materialens \u00f6verfl\u00f6d. Varje silhuett ber\u00e4ttar en historia om tidl\u00f6s elegans och vittnar om designerns unika f\u00f6rm\u00e5ga att sublimera kvinnokroppen samtidigt som den erbjuder en r\u00f6relsefrihet utan motstycke.    <\/p>\n\n<figure class=\"wp-block-image size-large\"><img decoding=\"async\" src=\"https:\/\/photos.smugmug.com\/Maroc-Lovers\/Marrakech\/Mus&#xE9;e-Yves-Saint-Laurent\/i-fZZxJtv\/0\/MGQj47tg7SQMsXrLkr5LMshLhdbF968xn8dtrzrBZ\/L\/ysl-musee-saint-laurent-marrakech-L.jpg\" alt=\"Mus&#xE9;e Yves Saint Laurent - Ett personligt verk mellan str&#xE4;nghet och frihet\"\/><\/figure>\n\n<h3 class=\"wp-block-heading\">\u00c4ventyret med konfektion och revolutionen p\u00e5 Left Bank<\/h3>\n\n<p>Den sista delen av den permanenta utst\u00e4llningen hyllar den revolution inom lyxiga konfektionskl\u00e4der som Saint Laurent inledde med sin Rive Gauche-butik 1966. Vi uppt\u00e4ckte hur designern demokratiserade haute couture genom att erbjuda l\u00e4ttillg\u00e4ngliga plagg utan att kompromissa med kvaliteten. Saharienne, bondblusar och \u00e5teranv\u00e4nda mackintoscher vittnar alla om denna \u00f6nskan att skapa en modern garderob f\u00f6r den aktiva kvinnan. Du kommer att f\u00e5 se hur detta vision\u00e4ra syns\u00e4tt f\u00f6r\u00e4ndrade modeindustrin och gjorde Yves Saint Laurent till den f\u00f6rsta couturier som designade en komplett garderob f\u00f6r varje \u00f6gonblick i det moderna livet.   <\/p>\n\n<figure class=\"wp-block-image size-large\"><img decoding=\"async\" src=\"https:\/\/photos.smugmug.com\/Maroc-Lovers\/Marrakech\/Mus&#xE9;e-Yves-Saint-Laurent\/i-cV6M882\/0\/Lwvn5ZCzbf67ZBhSMXtXP5NZrnfgPfg4hnZwdvrk8\/L\/rive-gauche-musee-saint-laurent-marrakech-L.jpg\" alt=\"Mus&#xE9;e Yves Saint Laurent - &#xC4;ventyret med konfektion och revolutionen p&#xE5; Left Bank\"\/><\/figure>\n\n<h2 class=\"wp-block-heading\">Tillf\u00e4lliga utst\u00e4llningar i kontrasterande universum<\/h2>\n\n<h3 class=\"wp-block-heading\">Mexikos f\u00e5glar: en dialog mellan natur och skapelse<\/h3>\n\n<p>Den tillf\u00e4lliga utst\u00e4llningen &#8221;Birds of Mexico&#8221; f\u00f6rde oss in i en v\u00e4rld d\u00e4r mode m\u00f6ter exotisk natur. Fotografering \u00e4r inte till\u00e5ten i denna utst\u00e4llning av bevarandesk\u00e4l. Presentationen visar hur designerns resor har p\u00e5verkat hans kollektioner, s\u00e4rskilt hans fascination f\u00f6r de starka f\u00e4rgerna och organiska m\u00f6nstren i Mexiko. Du kommer att uppt\u00e4cka exceptionella plagg d\u00e4r fj\u00e4drar, broderier och tryck skapar ett fantastiskt bestiarium, som vittnar om designerns f\u00f6rm\u00e5ga att sublimera kulturella referenser i en personlig och modern vision.   <\/p>\n\n<figure class=\"wp-block-image size-large\"><img decoding=\"async\" src=\"https:\/\/photos.smugmug.com\/Maroc-Lovers\/Marrakech\/Mus&#xE9;e-Yves-Saint-Laurent\/i-nHzHvJm\/0\/KFpLBRFFRvshGZrtwrJCL28HDgKqxHvQ3cLmDTfvT\/L\/birds-mexico-musee-saint-laurent-marrakech-L.jpg\" alt=\"Mus&#xE9;e Yves Saint Laurent - Mexikos f&#xE5;glar: en dialog mellan natur och skapande\"\/><\/figure>\n\n<h3 class=\"wp-block-heading\">La vilaine Lulu: samtida \u00e5sikter och respektl\u00f6shet<\/h3>\n\n<p>Utst\u00e4llningen <strong>&#8221;La vilaine Lulu&#8221;<\/strong> erbjuder en v\u00e5gad motpol till Saint Laurents klassiska kreationer. Presentationen utforskar designerns smak f\u00f6r kontrollerad provokation. Vi nj\u00f6t av denna mindre k\u00e4nda del av hans arbete, d\u00e4r humor och respektl\u00f6shet samsas med den vanliga elegansen. Du kommer att bli \u00f6verraskad av denna serietidning som utmanar etablerade koder.   <\/p>\n\n<figure class=\"wp-block-image size-large\"><img decoding=\"async\" src=\"https:\/\/photos.smugmug.com\/Maroc-Lovers\/Marrakech\/Mus&#xE9;e-Yves-Saint-Laurent\/i-jV2RTCf\/0\/KsmTqvwSBgHKQfZfvhdbDnBGnVJRHTrCBXvxnP32N\/L\/lulu-musee-saint-laurent-marrakech-L.jpg\" alt=\"Mus&#xE9;e Yves Saint Laurent - La vilaine Lulu: samtida &#xE5;sikter och respektl&#xF6;shet\"\/><\/figure>\n\n<h2 class=\"wp-block-heading\">Ytterligare omr\u00e5den f\u00f6r att f\u00f6rl\u00e4nga ditt bes\u00f6k<\/h2>\n\n<h3 class=\"wp-block-heading\">Det audiovisuella rummet: en djupdykning i skaparens liv och arbete<\/h3>\n\n<p>Det audiovisuella rummet \u00e4r en h\u00f6jdpunkt under bes\u00f6ket och ger en intim inblick i Yves Saint Laurents v\u00e4rld. Vi blev r\u00f6rda av arkivbilderna som visar modeskaparen i arbete i sin studio, omgiven av sina lojala medarbetare. Dokument\u00e4rerna avsl\u00f6jar hans komplexa personlighet, mellan kreativt geni och m\u00e4nsklig br\u00e4cklighet. Du kommer att uppt\u00e4cka s\u00e4llsynta intervjuer d\u00e4r han talar om sin passion f\u00f6r Marrakech och stadens inflytande p\u00e5 hans arbete.   <\/p>\n\n<figure class=\"wp-block-image size-large\"><img decoding=\"async\" src=\"https:\/\/photos.smugmug.com\/Maroc-Lovers\/Marrakech\/Mus&#xE9;e-Yves-Saint-Laurent\/i-KKbzWFr\/0\/NRM2mNwTzBgPR5DQdqQjpFgWb77WWWfZmczZhhHr5\/L\/auditorium-musee-saint-laurent-marrakech-L.jpg\" alt=\"Mus&#xE9;e Yves Saint Laurent - Det audiovisuella omr&#xE5;det: en djupdykning i designerns liv och arbete\"\/><figcaption class=\"wp-element-caption\">Auditorium Pierre Berg\u00e9<\/figcaption><\/figure>\n\n<h3 class=\"wp-block-heading\">The Studio: ritning som utg\u00e5ngspunkt f\u00f6r skapande<\/h3>\n\n<p>Studion ger en fascinerande inblick i Yves Saint Laurents kreativa process. Vi beundrade de hundratals originalskisser som avsl\u00f6jar tillkomsten av hans mest ber\u00f6mda kreationer. Du kan se hur en enkel blyertsskiss gradvis f\u00f6rvandlas till en kl\u00e4nning eller en scenkostym. Detta utrymme \u00e4r en perfekt illustration av vikten av att rita i Saint Laurents arbete, som ans\u00e5g att skissen var sj\u00e4len i varje kl\u00e4dskapelse.   <\/p>\n\n<figure class=\"wp-block-image size-large\"><img decoding=\"async\" src=\"https:\/\/photos.smugmug.com\/Maroc-Lovers\/Marrakech\/Mus&#xE9;e-Yves-Saint-Laurent\/i-pwtVPtL\/0\/L5dcc96g2XG8pK4s6cSZKRXc3wFxGqcVttBNF92RV\/L\/studio-musee-saint-laurent-marrakech-L.jpg\" alt=\"Mus&#xE9;e Yves Saint Laurent - Atelj&#xE9;n: teckningen som utg&#xE5;ngspunkt f&#xF6;r skapandet\"\/><\/figure>\n\n<h3 class=\"wp-block-heading\">Bokhandeln: att ut\u00f6ka upplevelsen genom publicering<\/h3>\n\n<p>Museets bokhandel \u00e4r ett m\u00e5ste om man vill f\u00f6rdjupa sin uppt\u00e4ckt av Saint Laurents v\u00e4rld. Vi blev imponerade av urvalet av b\u00f6cker om marockanskt mode, konst och kultur. De rikt illustrerade utst\u00e4llningskatalogerna kommer att bli ett v\u00e4rdefullt minne av ditt bes\u00f6k. Du hittar ocks\u00e5 begr\u00e4nsade upplagor och reproduktioner av designerns originalskisser. F\u00f6rutom b\u00f6cker erbjuder butiken en rad f\u00f6rem\u00e5l inspirerade av kollektionerna, fr\u00e5n halsdukar till papperstillbeh\u00f6r, perfekt f\u00f6r att ta med sig en raffinerad souvenir hem fr\u00e5n denna f\u00f6rdjupning i tidl\u00f6s elegans.    <\/p>\n\n<figure class=\"wp-block-image size-large\"><img decoding=\"async\" src=\"https:\/\/photos.smugmug.com\/Maroc-Lovers\/Marrakech\/Mus&#xE9;e-Yves-Saint-Laurent\/i-Vnk5MqF\/0\/MCtkkc7CD3Sw7NchMBPnLVSNVX7HSFWWT74s9SkhW\/L\/bookshop-musee-saint-laurent-marrakech-L.jpg\" alt=\"Mus&#xE9;e Yves Saint Laurent - Bokhandeln: F&#xF6;rl&#xE4;ngning av upplevelsen genom publicering\"\/><\/figure>\n\n<div style=\"background-color:#fefefe;margin-top:6%;margin-bottom:6%\" class=\"wp-block-genesis-blocks-gb-container box gb-block-container\"><div class=\"gb-container-inside\"><div class=\"gb-container-content\" style=\"max-width:700px\">\n<div class=\"wp-block-columns inverse is-layout-flex wp-container-core-columns-is-layout-9d6595d7 wp-block-columns-is-layout-flex\">\n<div class=\"wp-block-column texte_planif is-layout-flow wp-block-column-is-layout-flow\" style=\"flex-basis:58%\">\n<h5 class=\"titre_box\">Ta emot v\u00e5rt <span class=\"titre_box_manuscrit\">nyhetsbrev<\/span><\/h5>\n\n\n\n<ul class=\"wp-block-list\">\n<li>En frisk fl\u00e4kt i ditt dagliga liv p\u00e5 de vackra destinationerna i Region Lovers!<\/li>\n\n\n\n<li>En g\u00e5ng i m\u00e5naden<\/li>\n\n\n\n<li>Reklamfri<\/li>\n<\/ul>\n\n\n<script>\nvar gform;gform||(document.addEventListener(\"gform_main_scripts_loaded\",function(){gform.scriptsLoaded=!0}),document.addEventListener(\"gform\/theme\/scripts_loaded\",function(){gform.themeScriptsLoaded=!0}),window.addEventListener(\"DOMContentLoaded\",function(){gform.domLoaded=!0}),gform={domLoaded:!1,scriptsLoaded:!1,themeScriptsLoaded:!1,isFormEditor:()=>\"function\"==typeof InitializeEditor,callIfLoaded:function(o){return!(!gform.domLoaded||!gform.scriptsLoaded||!gform.themeScriptsLoaded&&!gform.isFormEditor()||(gform.isFormEditor()&&console.warn(\"The use of gform.initializeOnLoaded() is deprecated in the form editor context and will be removed in Gravity Forms 3.1.\"),o(),0))},initializeOnLoaded:function(o){gform.callIfLoaded(o)||(document.addEventListener(\"gform_main_scripts_loaded\",()=>{gform.scriptsLoaded=!0,gform.callIfLoaded(o)}),document.addEventListener(\"gform\/theme\/scripts_loaded\",()=>{gform.themeScriptsLoaded=!0,gform.callIfLoaded(o)}),window.addEventListener(\"DOMContentLoaded\",()=>{gform.domLoaded=!0,gform.callIfLoaded(o)}))},hooks:{action:{},filter:{}},addAction:function(o,r,e,t){gform.addHook(\"action\",o,r,e,t)},addFilter:function(o,r,e,t){gform.addHook(\"filter\",o,r,e,t)},doAction:function(o){gform.doHook(\"action\",o,arguments)},applyFilters:function(o){return gform.doHook(\"filter\",o,arguments)},removeAction:function(o,r){gform.removeHook(\"action\",o,r)},removeFilter:function(o,r,e){gform.removeHook(\"filter\",o,r,e)},addHook:function(o,r,e,t,n){null==gform.hooks[o][r]&&(gform.hooks[o][r]=[]);var d=gform.hooks[o][r];null==n&&(n=r+\"_\"+d.length),gform.hooks[o][r].push({tag:n,callable:e,priority:t=null==t?10:t})},doHook:function(r,o,e){var t;if(e=Array.prototype.slice.call(e,1),null!=gform.hooks[r][o]&&((o=gform.hooks[r][o]).sort(function(o,r){return o.priority-r.priority}),o.forEach(function(o){\"function\"!=typeof(t=o.callable)&&(t=window[t]),\"action\"==r?t.apply(null,e):e[0]=t.apply(null,e)})),\"filter\"==r)return e[0]},removeHook:function(o,r,t,n){var e;null!=gform.hooks[o][r]&&(e=(e=gform.hooks[o][r]).filter(function(o,r,e){return!!(null!=n&&n!=o.tag||null!=t&&t!=o.priority)}),gform.hooks[o][r]=e)}});\n<\/script>\n\n                <div class='gf_browser_gecko gform_wrapper gravity-theme gform-theme--no-framework' data-form-theme='gravity-theme' data-form-index='0' id='gform_wrapper_2' >\n                        <div class='gform_heading'>\n                            <p class='gform_description'><\/p>\n                        <\/div><form method='post' enctype='multipart\/form-data'  id='gform_2'  action='\/sv\/wp-json\/wp\/v2\/posts\/11875' data-formid='2' novalidate> \r\n <input type='hidden' class='gforms-pum' value='{\"closepopup\":false,\"closedelay\":0,\"openpopup\":false,\"openpopup_id\":0}' \/>\n                        <div class='gform-body gform_body'><div id='gform_fields_2' class='gform_fields top_label form_sublabel_below description_below validation_below'><div id=\"field_2_1\" class=\"gfield gfield--type-email gfield--input-type-email field_sublabel_below gfield--no-description field_description_below field_validation_below gfield_visibility_visible\"  ><label class='gfield_label gform-field-label' for='input_2_1'>E-mail<\/label><div class='ginput_container ginput_container_email'>\n                            <input name='input_1' id='input_2_1' type='email' value='' class='large'     aria-invalid=\"false\"  \/>\n                        <\/div><\/div><fieldset id=\"field_2_4\" class=\"gfield gfield--type-consent gfield--type-choice gfield--input-type-consent gfield_contains_required field_sublabel_below gfield--no-description field_description_below hidden_label field_validation_below gfield_visibility_visible\"  ><legend class='gfield_label gform-field-label gfield_label_before_complex' >RGPD<span class=\"gfield_required\"><span class=\"gfield_required gfield_required_text\">(Obligatoriskt)<\/span><\/span><\/legend><div class='ginput_container ginput_container_consent'><input name='input_4.1' id='input_2_4_1' type='checkbox' value='1'   aria-required=\"true\" aria-invalid=\"false\"   \/> <label class=\"gform-field-label gform-field-label--type-inline gfield_consent_label\" for='input_2_4_1' >Ja, jag vill prenumerera p\u00e5 det m\u00e5natliga nyhetsbrevet<span class=\"gfield_required gfield_required_text\">(Obligatoriskt)<\/span><\/label><input type='hidden' name='input_4.2' value='Ja, jag vill prenumerera p\u00e5 det m\u00e5natliga nyhetsbrevet' class='gform_hidden' \/><input type='hidden' name='input_4.3' value='1' class='gform_hidden' \/><\/div><\/fieldset><div id=\"field_2_5\" class=\"gfield gfield--type-website gfield--input-type-website field_sublabel_below gfield--no-description field_description_below field_validation_below gfield_visibility_hidden\"  ><div class=\"admin-hidden-markup\"><i class=\"gform-icon gform-icon--hidden\" aria-hidden=\"true\" title=\"Detta f\u00e4lt \u00e4r dolt n\u00e4r formul\u00e4ret visas\"><\/i><span>Detta f\u00e4lt \u00e4r dolt n\u00e4r formul\u00e4ret visas<\/span><\/div><label class='gfield_label gform-field-label' for='input_2_5'>Site Web<\/label><div class='ginput_container ginput_container_website'>\n                    <input name='input_5' id='input_2_5' type='url' value='https:\/\/maroclovers.com\/sv\/wp-json\/wp\/v2\/posts\/11875' class='large'    placeholder='https:\/\/'  aria-invalid=\"false\" \/>\n                <\/div><\/div><\/div><\/div>\n        <div class='gform-footer gform_footer top_label'> <input type='submit' id='gform_submit_button_2' class='gform_button button' onclick='gform.submission.handleButtonClick(this);' data-submission-type='submit' value='Prenumerera'  \/> \n            <input type='hidden' class='gform_hidden' name='gform_submission_method' data-js='gform_submission_method_2' value='postback' \/>\n            <input type='hidden' class='gform_hidden' name='gform_theme' data-js='gform_theme_2' id='gform_theme_2' value='gravity-theme' \/>\n            <input type='hidden' class='gform_hidden' name='gform_style_settings' data-js='gform_style_settings_2' id='gform_style_settings_2' value='{&quot;theme&quot;:&quot;gravity-theme&quot;,&quot;inputPrimaryColor&quot;:&quot;#72bb20&quot;,&quot;buttonPrimaryBackgroundColor&quot;:&quot;#72bb20&quot;}' \/>\n            <input type='hidden' class='gform_hidden' name='is_submit_2' value='1' \/>\n            <input type='hidden' class='gform_hidden' name='gform_submit' value='2' \/>\n            \n            <input type='hidden' class='gform_hidden' name='gform_currency' data-currency='EUR' value='qURIJSXKrmkRUR3Yhsj7VVeFZTboCefDowDOyoehsu2BOSkWp9mHcghnGr9fO7Va8VqX2qC1emCjcoIJ9kAtnJzVh\/e9oLoCSa3TCauGrMx3tc4=' \/>\n            <input type='hidden' class='gform_hidden' name='gform_unique_id' value='' \/>\n            <input type='hidden' class='gform_hidden' name='state_2' value='WyJ7XCI0LjFcIjpcIjQ5YmE5MzgzYmEzMWQ2MjUyZGZhNjBiMTExNWY1MDM0XCIsXCI0LjJcIjpcIjg2YmIzMjBjNGQ1YjAzNmJkZDRjMWM4YmVmY2NkMzk4XCIsXCI0LjNcIjpcIjQ5YmE5MzgzYmEzMWQ2MjUyZGZhNjBiMTExNWY1MDM0XCJ9IiwiNTAyZGRlZWJkNTQ1Mjk0NDZiZTQwNmMwNDkyZTQ1N2EiXQ==' \/>\n            <input type='hidden' autocomplete='off' class='gform_hidden' name='gform_target_page_number_2' id='gform_target_page_number_2' value='0' \/>\n            <input type='hidden' autocomplete='off' class='gform_hidden' name='gform_source_page_number_2' id='gform_source_page_number_2' value='1' \/>\n            <input type='hidden' name='gform_field_values' value='' \/>\n            \n        <\/div>\n                        <\/form>\n                        <\/div><script>\ngform.initializeOnLoaded( function() {gformInitSpinner( 2, 'https:\/\/maroclovers.com\/wp-content\/plugins\/gravityforms\/images\/spinner.svg', true );jQuery('#gform_ajax_frame_2').on('load',function(){var contents = jQuery(this).contents().find('*').html();var is_postback = contents.indexOf('GF_AJAX_POSTBACK') >= 0;if(!is_postback){return;}var form_content = jQuery(this).contents().find('#gform_wrapper_2');var is_confirmation = jQuery(this).contents().find('#gform_confirmation_wrapper_2').length > 0;var is_redirect = contents.indexOf('gformRedirect(){') >= 0;var is_form = form_content.length > 0 && ! is_redirect && ! is_confirmation;var mt = parseInt(jQuery('html').css('margin-top'), 10) + parseInt(jQuery('body').css('margin-top'), 10) + 100;if(is_form){jQuery('#gform_wrapper_2').html(form_content.html());if(form_content.hasClass('gform_validation_error')){jQuery('#gform_wrapper_2').addClass('gform_validation_error');} else {jQuery('#gform_wrapper_2').removeClass('gform_validation_error');}setTimeout( function() { \/* delay the scroll by 50 milliseconds to fix a bug in chrome *\/  }, 50 );if(window['gformInitDatepicker']) {gformInitDatepicker();}if(window['gformInitPriceFields']) {gformInitPriceFields();}var current_page = jQuery('#gform_source_page_number_2').val();gformInitSpinner( 2, 'https:\/\/maroclovers.com\/wp-content\/plugins\/gravityforms\/images\/spinner.svg', true );jQuery(document).trigger('gform_page_loaded', [2, current_page]);window['gf_submitting_2'] = false;}else if(!is_redirect){var confirmation_content = jQuery(this).contents().find('.GF_AJAX_POSTBACK').html();if(!confirmation_content){confirmation_content = contents;}jQuery('#gform_wrapper_2').replaceWith(confirmation_content);jQuery(document).trigger('gform_confirmation_loaded', [2]);window['gf_submitting_2'] = false;wp.a11y.speak(jQuery('#gform_confirmation_message_2').text());}else{jQuery('#gform_2').append(contents);if(window['gformRedirect']) {gformRedirect();}}jQuery(document).trigger(\"gform_pre_post_render\", [{ formId: \"2\", currentPage: \"current_page\", abort: function() { this.preventDefault(); } }]);        if (event && event.defaultPrevented) {                return;        }        const gformWrapperDiv = document.getElementById( \"gform_wrapper_2\" );        if ( gformWrapperDiv ) {            const visibilitySpan = document.createElement( \"span\" );            visibilitySpan.id = \"gform_visibility_test_2\";            gformWrapperDiv.insertAdjacentElement( \"afterend\", visibilitySpan );        }        const visibilityTestDiv = document.getElementById( \"gform_visibility_test_2\" );        let postRenderFired = false;        function triggerPostRender() {            if ( postRenderFired ) {                return;            }            postRenderFired = true;            gform.core.triggerPostRenderEvents( 2, current_page );            if ( visibilityTestDiv ) {                visibilityTestDiv.parentNode.removeChild( visibilityTestDiv );            }        }        function debounce( func, wait, immediate ) {            var timeout;            return function() {                var context = this, args = arguments;                var later = function() {                    timeout = null;                    if ( !immediate ) func.apply( context, args );                };                var callNow = immediate && !timeout;                clearTimeout( timeout );                timeout = setTimeout( later, wait );                if ( callNow ) func.apply( context, args );            };        }        const debouncedTriggerPostRender = debounce( function() {            triggerPostRender();        }, 200 );        if ( visibilityTestDiv && visibilityTestDiv.offsetParent === null ) {            const observer = new MutationObserver( ( mutations ) => {                mutations.forEach( ( mutation ) => {                    if ( mutation.type === 'attributes' && visibilityTestDiv.offsetParent !== null ) {                        debouncedTriggerPostRender();                        observer.disconnect();                    }                });            });            observer.observe( document.body, {                attributes: true,                childList: false,                subtree: true,                attributeFilter: [ 'style', 'class' ],            });        } else {            triggerPostRender();        }    } );} );\n<\/script>\n<\/div>\n\n\n\n<div class=\"wp-block-column is-layout-flow wp-block-column-is-layout-flow\" style=\"flex-basis:42%\">\n<div class=\"wp-block-genesis-blocks-gb-container aligncenter newsletter-radius gb-block-container\"><div class=\"gb-container-inside\"><div class=\"gb-container-content\"><div class=\"wp-block-image newsletter-image\">\n<figure class=\"aligncenter size-full\"><img decoding=\"async\" src=\"https:\/\/madeiralovers.com\/wp-content\/uploads\/2024\/01\/newsletter_FR_2.webp\" alt=\"\" class=\"wp-image-222\"\/><\/figure>\n<\/div><\/div><\/div><\/div>\n<\/div>\n<\/div>\n<\/div><\/div><\/div>\n\n<h2 class=\"wp-block-heading\">Vanliga fr\u00e5gor och svar<\/h2>\n\n<h3 class=\"wp-block-heading\">Kan jag bes\u00f6ka museet och Majorelle-tr\u00e4dg\u00e5rdarna samma dag?<\/h3>\n\n<p>Absolut! Vi rekommenderar \u00e4ven att du kombinerar de tv\u00e5 bes\u00f6ken med ett bes\u00f6k p\u00e5 Mus\u00e9e Pierre Berg\u00e9 des Arts Berb\u00e8res. En kombinerad biljett finns tillg\u00e4nglig till ett specialpris. Avs\u00e4tt en hel halvdag f\u00f6r att f\u00e5 ut det mesta av platserna. B\u00f6rja med tr\u00e4dg\u00e5rdarna p\u00e5 morgonen f\u00f6r att dra nytta av de svalare temperaturerna och g\u00e5 sedan till de luftkonditionerade museerna under de varmaste tiderna p\u00e5 dagen.   <\/p>\n\n<figure class=\"wp-block-image size-large\"><img decoding=\"async\" src=\"https:\/\/photos.smugmug.com\/Maroc-Lovers\/Marrakech\/Mus&#xE9;e-Yves-Saint-Laurent\/i-zKJbFN4\/0\/Mq6D3wmw7mRTFkHnwdn7V9c8qxfjxGsR3cHsmjs6f\/L\/to-garden-musee-saint-laurent-marrakech-L.jpg\" alt=\"Mus&#xE9;e Yves Saint Laurent - Kan man bes&#xF6;ka museet och Majorelle-tr&#xE4;dg&#xE5;rdarna p&#xE5; samma dag?\"\/><\/figure>\n\n<h3 class=\"wp-block-heading\">\u00c4r museet bara f\u00f6r mode\u00e4lskare?<\/h3>\n\n<p>Nej, inte alls! Vi har m\u00e4rkt att museet fascinerar b\u00e5de modeentusiaster och nyb\u00f6rjare. Byggnadens moderna arkitektur \u00e4r en attraktion i sig och utst\u00e4llningarna ber\u00e4ttar 1900-talets kulturhistoria. Du kommer att uppskatta de konstn\u00e4rliga, historiska och sociologiska aspekterna av utst\u00e4llningarna, som str\u00e4cker sig l\u00e5ngt bortom mode. Kopplingarna mellan Saint Laurent och Marrakech ger ocks\u00e5 ett unikt perspektiv p\u00e5 kulturutbytet mellan \u00f6st och v\u00e4st.    <\/p>\n\n<figure class=\"wp-block-image size-large\"><img decoding=\"async\" src=\"https:\/\/photos.smugmug.com\/Maroc-Lovers\/Marrakech\/Mus&#xE9;e-Yves-Saint-Laurent\/i-GhZgGrb\/0\/MgqNXxZHfJHqDNfbnDvnNhJ58MhbtsZg4RMxh39Hc\/L\/fan-musee-saint-laurent-marrakech-L.jpg\" alt=\"Mus&#xE9;e Yves Saint Laurent - &#xC4;r museet bara f&#xF6;r mode&#xE4;lskare?\"\/><\/figure>\n\n<div style=\"margin-top:8%;margin-bottom:8%\" class=\"wp-block-genesis-blocks-gb-container box gb-block-container\"><div class=\"gb-container-inside\"><div class=\"gb-container-content\" style=\"max-width:700px\">\n<div class=\"wp-block-genesis-blocks-gb-container box_titre gb-block-container\"><div class=\"gb-container-inside\"><div class=\"gb-container-content\">\n<h5 class=\"titre_box\">PLANERA DIN RESA TILL <span class=\"titre_box_manuscrit\">Marocko<\/span><\/h5>\n<\/div><\/div><\/div>\n\n\n\n<hr class=\"wp-block-separator has-text-color has-alpha-channel-opacity has-background is-style-wide hr-box-planif\" style=\"background-color:#ccd3dd;color:#ccd3dd\"\/>\n\n\n\n<div class=\"wp-block-columns box_sans_border is-layout-flex wp-container-core-columns-is-layout-9d6595d7 wp-block-columns-is-layout-flex\">\n<div class=\"wp-block-column texte_planif is-layout-flow wp-block-column-is-layout-flow\" style=\"font-size:14px;flex-basis:60%\">\n<ul class=\"wp-block-list\">\n<li><strong>B\u00e4st av<\/strong><\/li>\n<\/ul>\n\n\n\n<p class=\"ul_box\" style=\"font-size:14px\"><a href=\"https:\/\/maroclovers.com\/sv\/landskap-marocko-foton\/\" target=\"_blank\" rel=\"noreferrer noopener\">De vackraste landskapen<\/a> i Marocko<br\/>Vad man kan g\u00f6ra i Marocko (kommer snart)<br\/><a href=\"https:\/\/maroclovers.com\/sv\/basta-riader-marocko\/\" target=\"_blank\" rel=\"noreferrer noopener\">De vackraste riaderna<\/a><br\/><a href=\"https:\/\/maroclovers.com\/sv\/basta-staderna-marocko\/\" target=\"_blank\" rel=\"noreferrer noopener\">De vackraste st\u00e4derna<\/a><br\/><a href=\"https:\/\/maroclovers.com\/sv\/vackraste-medinor-marocko\/\" type=\"post\" id=\"11779\" target=\"_blank\" rel=\"noreferrer noopener\">De vackraste medinorna<\/a><br\/>De vackraste tr\u00e4dg\u00e5rdarna (kommer snart)<br\/>De b\u00e4sta museerna (kommer snart)<br\/>De vackraste str\u00e4nderna i Marocko (kommer snart)<\/p>\n<\/div>\n\n\n\n<div class=\"wp-block-column is-vertically-aligned-top planif-radius is-layout-flow wp-block-column-is-layout-flow\" style=\"flex-basis:40%\">\n<figure class=\"wp-block-image size-large img-portrait\"><img decoding=\"async\" src=\"https:\/\/photos.smugmug.com\/Maroc-Lovers\/Gorge-du-Dades-valley\/i-2HqrmHN\/0\/NSnpPkgpvssC8wJRk6TT2C2GtMZNd4PVnjsgrbHBf\/L\/IMG_1480-L.jpg\" alt=\"Dades-dalen\" title=\"\"\/><\/figure>\n<\/div>\n<\/div>\n\n\n\n<hr class=\"wp-block-separator has-text-color has-alpha-channel-opacity has-background is-style-wide hr-box-planif\" style=\"background-color:#ccd3dd;color:#ccd3dd\"\/>\n\n\n\n<div class=\"wp-block-columns box_sans_border is-layout-flex wp-container-core-columns-is-layout-9d6595d7 wp-block-columns-is-layout-flex\">\n<div class=\"wp-block-column texte_planif is-layout-flow wp-block-column-is-layout-flow\" style=\"flex-basis:60%\">\n<ul class=\"wp-block-list\">\n<li><strong>Praktiska r\u00e5d<\/strong><\/li>\n<\/ul>\n\n\n\n<p style=\"font-size:14px\"><br\/>N\u00e4r ska du \u00e5ka? <br\/> Marocko<br\/>(kommer snart) Hur man hyr en bil p\u00e5 (kommer snart) K\u00f6rtips (kommer snart)<\/p>\n\n\n\n<p style=\"font-size:14px\">Resplaner (kommer snart)<\/p>\n\n\n\n<p style=\"font-size:14px\">Marocko Var man kan bo p\u00e5 (kommer snart)<\/p>\n<\/div>\n\n\n\n<div class=\"wp-block-column is-vertically-aligned-top planif-radius is-layout-flow wp-block-column-is-layout-flow\" style=\"flex-basis:40%\">\n<figure class=\"wp-block-image size-large img-portrait\"><img decoding=\"async\" src=\"https:\/\/photos.smugmug.com\/Maroc-Lovers\/Routes\/i-RdcjS8w\/0\/KF8k4fZxV246dHLwfg82ZrP5CssqnPhrx86FwwZpJ\/L\/IMG_1458-L.jpg\" alt=\"Atlasbergen\" title=\"\"\/><\/figure>\n<\/div>\n<\/div>\n\n\n\n<hr class=\"wp-block-separator has-text-color has-alpha-channel-opacity has-background is-style-wide hr-box-planif\" style=\"background-color:#ccd3dd;color:#ccd3dd\"\/>\n\n\n\n<div class=\"wp-block-columns box_sans_border is-layout-flex wp-container-core-columns-is-layout-9d6595d7 wp-block-columns-is-layout-flex\">\n<div class=\"wp-block-column texte_planif is-layout-flow wp-block-column-is-layout-flow\" style=\"flex-basis:60%\">\n<ul class=\"wp-block-list\">\n<li><strong>Det du m\u00e5ste ha<\/strong><\/li>\n<\/ul>\n\n\n\n<p style=\"font-size:14px\"><a href=\"https:\/\/maroclovers.com\/sv\/sevardheter-marrakech-att-gora\/\" target=\"_blank\" rel=\"noreferrer noopener\">Marrakech <\/a><br\/><a href=\"https:\/\/maroclovers.com\/sv\/sevardheter-casablanca-att-gora\/\" target=\"_blank\" rel=\"noreferrer noopener\">Casablanca<\/a><br\/> F\u00e8s<br\/> Mekn\u00e8s<br\/><a href=\"https:\/\/maroclovers.com\/sv\/sevardheter-chefchaouen-att-gora\/\" target=\"_blank\" rel=\"noreferrer noopener\">Chefchaouen<\/a><br\/>Sahara\u00f6knen (kommer snart)<br\/><\/p>\n<\/div>\n\n\n\n<div class=\"wp-block-column is-vertically-aligned-top planif-radius is-layout-flow wp-block-column-is-layout-flow\" style=\"flex-basis:40%\">\n<figure class=\"wp-block-image size-large img-portrait\"><img decoding=\"async\" src=\"https:\/\/photos.smugmug.com\/Maroc-Lovers\/Casablanca\/Hassan-II-Mosque\/i-8szjVqh\/0\/L4mGVMq4pXWWdfxxXdr9pNMShtR972X3RrHqTTQfz\/L\/hassan-2-mosque-casablanca-15-L.jpg\" alt=\"Casablancas mosk&#xE9;\" title=\"\"\/><\/figure>\n<\/div>\n<\/div>\n\n\n\n<div style=\"height:30px\" aria-hidden=\"true\" class=\"wp-block-spacer\"><\/div>\n<\/div><\/div><\/div>\n\n<div class=\"wp-block-genesis-blocks-gb-container box_auteur_voyage gb-block-container\"><div class=\"gb-container-inside\"><div class=\"gb-container-content\">\n<figure class=\"wp-block-image size-large img_auteur_voyage img_provisoire img_severine\"><a href=\"https:\/\/normandielovers.fr\/severine-harzo\/\" target=\"_blank\" rel=\"noreferrer noopener\"><img decoding=\"async\" src=\"https:\/\/photos.smugmug.com\/Region-Lovers\/Equipe\/i-gFtV6Dq\/0\/C6RSrhKpdND9MjrwpgnJSBdMhs3jLBgbGtBgdHX2x\/L\/severine-2-L.jpg\" alt=\"\" style=\"object-fit:cover\"\/><\/a><\/figure>\n\n\n\n<h5 class=\"titre_auteur_voyage\"><span>HON SKREV ARTIKELN \n <\/span><span class=\"titre_box_manuscrit\">S\u00e8verine<\/span><\/h5>\n<\/div><\/div><\/div>\n","protected":false},"excerpt":{"rendered":"<p>P\u00e5 bes\u00f6k i Marrakech? Missa inte Yves Saint Laurent-museet! Detta haute couture-tempel hyllar den franske couturierns kreativa geni i staden som inspirerade honom s\u00e5 mycket. Vi fascinerades av byggnadensmoderna arkitektur med dess sensuella kurvor. Den f\u00f6r tankarna till v\u00e4vning av ett dyrbart tyg. I den h\u00e4r artikeln hittar du ett urval av anv\u00e4ndbara tips som [&hellip;]<\/p>\n","protected":false},"author":14,"featured_media":11874,"comment_status":"closed","ping_status":"closed","sticky":false,"template":"","format":"standard","meta":{"_genesis_hide_title":false,"_genesis_hide_breadcrumbs":false,"_genesis_hide_singular_image":false,"_genesis_hide_footer_widgets":false,"_genesis_custom_body_class":"","_genesis_custom_post_class":"","_genesis_layout":"","footnotes":""},"categories":[87],"tags":[],"class_list":{"0":"post-11875","1":"post","2":"type-post","3":"status-publish","4":"format-standard","5":"has-post-thumbnail","7":"category-marrakesh-sv","8":"entry"},"yoast_head":"<!-- This site is optimized with the Yoast SEO plugin v27.5 - https:\/\/yoast.com\/product\/yoast-seo-wordpress\/ -->\n<title>Yves Saint Laurent Museum (Marrakech): bes\u00f6k + foton<\/title>\n<meta name=\"description\" content=\"V\u00e5ra tips och foton f\u00f6r att bes\u00f6ka Yves Saint Laurent-museet i Marrakech: samlingar, tillg\u00e5ng, sev\u00e4rdheter, praktisk information\" \/>\n<meta name=\"robots\" content=\"index, follow, max-snippet:-1, max-image-preview:large, max-video-preview:-1\" \/>\n<link rel=\"canonical\" href=\"https:\/\/maroclovers.com\/sv\/besok-museum-yves-saint-laurent-marrakech\/\" \/>\n<meta property=\"og:locale\" content=\"sv_SE\" \/>\n<meta property=\"og:type\" content=\"article\" \/>\n<meta property=\"og:title\" content=\"Yves Saint Laurent Museum (Marrakech): bes\u00f6k + foton\" \/>\n<meta property=\"og:description\" content=\"V\u00e5ra tips och foton f\u00f6r att bes\u00f6ka Yves Saint Laurent-museet i Marrakech: samlingar, tillg\u00e5ng, sev\u00e4rdheter, praktisk information\" \/>\n<meta property=\"og:url\" content=\"https:\/\/maroclovers.com\/sv\/besok-museum-yves-saint-laurent-marrakech\/\" \/>\n<meta property=\"og:site_name\" content=\"Maroc Lovers\" \/>\n<meta property=\"article:published_time\" content=\"2025-12-17T16:36:59+00:00\" \/>\n<meta property=\"article:modified_time\" content=\"2025-12-19T14:00:43+00:00\" \/>\n<meta property=\"og:image\" content=\"https:\/\/maroclovers.com\/wp-content\/uploads\/2025\/12\/visiter-musee-saint-laurent-marrakech-8.jpg\" \/>\n\t<meta property=\"og:image:width\" content=\"800\" \/>\n\t<meta property=\"og:image:height\" content=\"600\" \/>\n\t<meta property=\"og:image:type\" content=\"image\/jpeg\" \/>\n<meta name=\"author\" content=\"Severine\" \/>\n<meta name=\"twitter:card\" content=\"summary_large_image\" \/>\n<meta name=\"twitter:label1\" content=\"Written by\" \/>\n\t<meta name=\"twitter:data1\" content=\"Severine\" \/>\n\t<meta name=\"twitter:label2\" content=\"Est. reading time\" \/>\n\t<meta name=\"twitter:data2\" content=\"11 minuter\" \/>\n<script type=\"application\/ld+json\" class=\"yoast-schema-graph\">{\"@context\":\"https:\\\/\\\/schema.org\",\"@graph\":[{\"@type\":\"Article\",\"@id\":\"https:\\\/\\\/maroclovers.com\\\/sv\\\/besok-museum-yves-saint-laurent-marrakech\\\/#article\",\"isPartOf\":{\"@id\":\"https:\\\/\\\/maroclovers.com\\\/sv\\\/besok-museum-yves-saint-laurent-marrakech\\\/\"},\"author\":{\"name\":\"Severine\",\"@id\":\"https:\\\/\\\/maroclovers.com\\\/sv\\\/#\\\/schema\\\/person\\\/4898038b57d13e3da9430c05c165e475\"},\"headline\":\"Yves Saint Laurent Museum (Marrakech): bes\u00f6k + foton\",\"datePublished\":\"2025-12-17T16:36:59+00:00\",\"dateModified\":\"2025-12-19T14:00:43+00:00\",\"mainEntityOfPage\":{\"@id\":\"https:\\\/\\\/maroclovers.com\\\/sv\\\/besok-museum-yves-saint-laurent-marrakech\\\/\"},\"wordCount\":2194,\"publisher\":{\"@id\":\"https:\\\/\\\/maroclovers.com\\\/sv\\\/#organization\"},\"image\":{\"@id\":\"https:\\\/\\\/maroclovers.com\\\/sv\\\/besok-museum-yves-saint-laurent-marrakech\\\/#primaryimage\"},\"thumbnailUrl\":\"https:\\\/\\\/maroclovers.com\\\/wp-content\\\/uploads\\\/2025\\\/12\\\/visiter-musee-saint-laurent-marrakech-8.jpg\",\"articleSection\":[\"Marrakesh\"],\"inLanguage\":\"sv-SE\"},{\"@type\":\"WebPage\",\"@id\":\"https:\\\/\\\/maroclovers.com\\\/sv\\\/besok-museum-yves-saint-laurent-marrakech\\\/\",\"url\":\"https:\\\/\\\/maroclovers.com\\\/sv\\\/besok-museum-yves-saint-laurent-marrakech\\\/\",\"name\":\"Yves Saint Laurent Museum (Marrakech): bes\u00f6k + foton\",\"isPartOf\":{\"@id\":\"https:\\\/\\\/maroclovers.com\\\/sv\\\/#website\"},\"primaryImageOfPage\":{\"@id\":\"https:\\\/\\\/maroclovers.com\\\/sv\\\/besok-museum-yves-saint-laurent-marrakech\\\/#primaryimage\"},\"image\":{\"@id\":\"https:\\\/\\\/maroclovers.com\\\/sv\\\/besok-museum-yves-saint-laurent-marrakech\\\/#primaryimage\"},\"thumbnailUrl\":\"https:\\\/\\\/maroclovers.com\\\/wp-content\\\/uploads\\\/2025\\\/12\\\/visiter-musee-saint-laurent-marrakech-8.jpg\",\"datePublished\":\"2025-12-17T16:36:59+00:00\",\"dateModified\":\"2025-12-19T14:00:43+00:00\",\"description\":\"V\u00e5ra tips och foton f\u00f6r att bes\u00f6ka Yves Saint Laurent-museet i Marrakech: samlingar, tillg\u00e5ng, sev\u00e4rdheter, praktisk information\",\"breadcrumb\":{\"@id\":\"https:\\\/\\\/maroclovers.com\\\/sv\\\/besok-museum-yves-saint-laurent-marrakech\\\/#breadcrumb\"},\"inLanguage\":\"sv-SE\",\"potentialAction\":[{\"@type\":\"ReadAction\",\"target\":[\"https:\\\/\\\/maroclovers.com\\\/sv\\\/besok-museum-yves-saint-laurent-marrakech\\\/\"]}]},{\"@type\":\"ImageObject\",\"inLanguage\":\"sv-SE\",\"@id\":\"https:\\\/\\\/maroclovers.com\\\/sv\\\/besok-museum-yves-saint-laurent-marrakech\\\/#primaryimage\",\"url\":\"https:\\\/\\\/maroclovers.com\\\/wp-content\\\/uploads\\\/2025\\\/12\\\/visiter-musee-saint-laurent-marrakech-8.jpg\",\"contentUrl\":\"https:\\\/\\\/maroclovers.com\\\/wp-content\\\/uploads\\\/2025\\\/12\\\/visiter-musee-saint-laurent-marrakech-8.jpg\",\"width\":800,\"height\":600,\"caption\":\"besok museum saint laurent marrakech\"},{\"@type\":\"BreadcrumbList\",\"@id\":\"https:\\\/\\\/maroclovers.com\\\/sv\\\/besok-museum-yves-saint-laurent-marrakech\\\/#breadcrumb\",\"itemListElement\":[{\"@type\":\"ListItem\",\"position\":1,\"name\":\"Home\",\"item\":\"https:\\\/\\\/maroclovers.com\\\/sv\\\/\"},{\"@type\":\"ListItem\",\"position\":2,\"name\":\"Marrakesh\",\"item\":\"https:\\\/\\\/maroclovers.com\\\/sv\\\/marrakesh-sv\\\/\"},{\"@type\":\"ListItem\",\"position\":3,\"name\":\"Yves Saint Laurent Museum (Marrakech): bes\u00f6k + foton\"}]},{\"@type\":\"WebSite\",\"@id\":\"https:\\\/\\\/maroclovers.com\\\/sv\\\/#website\",\"url\":\"https:\\\/\\\/maroclovers.com\\\/sv\\\/\",\"name\":\"Maroc Lovers\",\"description\":\"\",\"publisher\":{\"@id\":\"https:\\\/\\\/maroclovers.com\\\/sv\\\/#organization\"},\"potentialAction\":[{\"@type\":\"SearchAction\",\"target\":{\"@type\":\"EntryPoint\",\"urlTemplate\":\"https:\\\/\\\/maroclovers.com\\\/sv\\\/?s={search_term_string}\"},\"query-input\":{\"@type\":\"PropertyValueSpecification\",\"valueRequired\":true,\"valueName\":\"search_term_string\"}}],\"inLanguage\":\"sv-SE\"},{\"@type\":\"Organization\",\"@id\":\"https:\\\/\\\/maroclovers.com\\\/sv\\\/#organization\",\"name\":\"Maroc Lovers\",\"url\":\"https:\\\/\\\/maroclovers.com\\\/sv\\\/\",\"logo\":{\"@type\":\"ImageObject\",\"inLanguage\":\"sv-SE\",\"@id\":\"https:\\\/\\\/maroclovers.com\\\/sv\\\/#\\\/schema\\\/logo\\\/image\\\/\",\"url\":\"https:\\\/\\\/maroclovers.com\\\/wp-content\\\/uploads\\\/2025\\\/01\\\/Maroc-Lovers-Logos-RVB_Principal-bicolore.png\",\"contentUrl\":\"https:\\\/\\\/maroclovers.com\\\/wp-content\\\/uploads\\\/2025\\\/01\\\/Maroc-Lovers-Logos-RVB_Principal-bicolore.png\",\"width\":2305,\"height\":746,\"caption\":\"Maroc Lovers\"},\"image\":{\"@id\":\"https:\\\/\\\/maroclovers.com\\\/sv\\\/#\\\/schema\\\/logo\\\/image\\\/\"}},{\"@type\":\"Person\",\"@id\":\"https:\\\/\\\/maroclovers.com\\\/sv\\\/#\\\/schema\\\/person\\\/4898038b57d13e3da9430c05c165e475\",\"name\":\"Severine\",\"image\":{\"@type\":\"ImageObject\",\"inLanguage\":\"sv-SE\",\"@id\":\"https:\\\/\\\/secure.gravatar.com\\\/avatar\\\/6d0d7a36298d05d1ff1079e571d7d76b1f551a3865fc37447d2c3ac79eadf069?s=96&d=mm&r=g\",\"url\":\"https:\\\/\\\/secure.gravatar.com\\\/avatar\\\/6d0d7a36298d05d1ff1079e571d7d76b1f551a3865fc37447d2c3ac79eadf069?s=96&d=mm&r=g\",\"contentUrl\":\"https:\\\/\\\/secure.gravatar.com\\\/avatar\\\/6d0d7a36298d05d1ff1079e571d7d76b1f551a3865fc37447d2c3ac79eadf069?s=96&d=mm&r=g\",\"caption\":\"Severine\"},\"url\":\"https:\\\/\\\/maroclovers.com\\\/sv\\\/author\\\/severine\\\/\"}]}<\/script>\n<!-- \/ Yoast SEO plugin. -->","yoast_head_json":{"title":"Yves Saint Laurent Museum (Marrakech): bes\u00f6k + foton","description":"V\u00e5ra tips och foton f\u00f6r att bes\u00f6ka Yves Saint Laurent-museet i Marrakech: samlingar, tillg\u00e5ng, sev\u00e4rdheter, praktisk information","robots":{"index":"index","follow":"follow","max-snippet":"max-snippet:-1","max-image-preview":"max-image-preview:large","max-video-preview":"max-video-preview:-1"},"canonical":"https:\/\/maroclovers.com\/sv\/besok-museum-yves-saint-laurent-marrakech\/","og_locale":"sv_SE","og_type":"article","og_title":"Yves Saint Laurent Museum (Marrakech): bes\u00f6k + foton","og_description":"V\u00e5ra tips och foton f\u00f6r att bes\u00f6ka Yves Saint Laurent-museet i Marrakech: samlingar, tillg\u00e5ng, sev\u00e4rdheter, praktisk information","og_url":"https:\/\/maroclovers.com\/sv\/besok-museum-yves-saint-laurent-marrakech\/","og_site_name":"Maroc Lovers","article_published_time":"2025-12-17T16:36:59+00:00","article_modified_time":"2025-12-19T14:00:43+00:00","og_image":[{"width":800,"height":600,"url":"https:\/\/maroclovers.com\/wp-content\/uploads\/2025\/12\/visiter-musee-saint-laurent-marrakech-8.jpg","type":"image\/jpeg"}],"author":"Severine","twitter_card":"summary_large_image","twitter_misc":{"Written by":"Severine","Est. reading time":"11 minuter"},"schema":{"@context":"https:\/\/schema.org","@graph":[{"@type":"Article","@id":"https:\/\/maroclovers.com\/sv\/besok-museum-yves-saint-laurent-marrakech\/#article","isPartOf":{"@id":"https:\/\/maroclovers.com\/sv\/besok-museum-yves-saint-laurent-marrakech\/"},"author":{"name":"Severine","@id":"https:\/\/maroclovers.com\/sv\/#\/schema\/person\/4898038b57d13e3da9430c05c165e475"},"headline":"Yves Saint Laurent Museum (Marrakech): bes\u00f6k + foton","datePublished":"2025-12-17T16:36:59+00:00","dateModified":"2025-12-19T14:00:43+00:00","mainEntityOfPage":{"@id":"https:\/\/maroclovers.com\/sv\/besok-museum-yves-saint-laurent-marrakech\/"},"wordCount":2194,"publisher":{"@id":"https:\/\/maroclovers.com\/sv\/#organization"},"image":{"@id":"https:\/\/maroclovers.com\/sv\/besok-museum-yves-saint-laurent-marrakech\/#primaryimage"},"thumbnailUrl":"https:\/\/maroclovers.com\/wp-content\/uploads\/2025\/12\/visiter-musee-saint-laurent-marrakech-8.jpg","articleSection":["Marrakesh"],"inLanguage":"sv-SE"},{"@type":"WebPage","@id":"https:\/\/maroclovers.com\/sv\/besok-museum-yves-saint-laurent-marrakech\/","url":"https:\/\/maroclovers.com\/sv\/besok-museum-yves-saint-laurent-marrakech\/","name":"Yves Saint Laurent Museum (Marrakech): bes\u00f6k + foton","isPartOf":{"@id":"https:\/\/maroclovers.com\/sv\/#website"},"primaryImageOfPage":{"@id":"https:\/\/maroclovers.com\/sv\/besok-museum-yves-saint-laurent-marrakech\/#primaryimage"},"image":{"@id":"https:\/\/maroclovers.com\/sv\/besok-museum-yves-saint-laurent-marrakech\/#primaryimage"},"thumbnailUrl":"https:\/\/maroclovers.com\/wp-content\/uploads\/2025\/12\/visiter-musee-saint-laurent-marrakech-8.jpg","datePublished":"2025-12-17T16:36:59+00:00","dateModified":"2025-12-19T14:00:43+00:00","description":"V\u00e5ra tips och foton f\u00f6r att bes\u00f6ka Yves Saint Laurent-museet i Marrakech: samlingar, tillg\u00e5ng, sev\u00e4rdheter, praktisk information","breadcrumb":{"@id":"https:\/\/maroclovers.com\/sv\/besok-museum-yves-saint-laurent-marrakech\/#breadcrumb"},"inLanguage":"sv-SE","potentialAction":[{"@type":"ReadAction","target":["https:\/\/maroclovers.com\/sv\/besok-museum-yves-saint-laurent-marrakech\/"]}]},{"@type":"ImageObject","inLanguage":"sv-SE","@id":"https:\/\/maroclovers.com\/sv\/besok-museum-yves-saint-laurent-marrakech\/#primaryimage","url":"https:\/\/maroclovers.com\/wp-content\/uploads\/2025\/12\/visiter-musee-saint-laurent-marrakech-8.jpg","contentUrl":"https:\/\/maroclovers.com\/wp-content\/uploads\/2025\/12\/visiter-musee-saint-laurent-marrakech-8.jpg","width":800,"height":600,"caption":"besok museum saint laurent marrakech"},{"@type":"BreadcrumbList","@id":"https:\/\/maroclovers.com\/sv\/besok-museum-yves-saint-laurent-marrakech\/#breadcrumb","itemListElement":[{"@type":"ListItem","position":1,"name":"Home","item":"https:\/\/maroclovers.com\/sv\/"},{"@type":"ListItem","position":2,"name":"Marrakesh","item":"https:\/\/maroclovers.com\/sv\/marrakesh-sv\/"},{"@type":"ListItem","position":3,"name":"Yves Saint Laurent Museum (Marrakech): bes\u00f6k + foton"}]},{"@type":"WebSite","@id":"https:\/\/maroclovers.com\/sv\/#website","url":"https:\/\/maroclovers.com\/sv\/","name":"Maroc Lovers","description":"","publisher":{"@id":"https:\/\/maroclovers.com\/sv\/#organization"},"potentialAction":[{"@type":"SearchAction","target":{"@type":"EntryPoint","urlTemplate":"https:\/\/maroclovers.com\/sv\/?s={search_term_string}"},"query-input":{"@type":"PropertyValueSpecification","valueRequired":true,"valueName":"search_term_string"}}],"inLanguage":"sv-SE"},{"@type":"Organization","@id":"https:\/\/maroclovers.com\/sv\/#organization","name":"Maroc Lovers","url":"https:\/\/maroclovers.com\/sv\/","logo":{"@type":"ImageObject","inLanguage":"sv-SE","@id":"https:\/\/maroclovers.com\/sv\/#\/schema\/logo\/image\/","url":"https:\/\/maroclovers.com\/wp-content\/uploads\/2025\/01\/Maroc-Lovers-Logos-RVB_Principal-bicolore.png","contentUrl":"https:\/\/maroclovers.com\/wp-content\/uploads\/2025\/01\/Maroc-Lovers-Logos-RVB_Principal-bicolore.png","width":2305,"height":746,"caption":"Maroc Lovers"},"image":{"@id":"https:\/\/maroclovers.com\/sv\/#\/schema\/logo\/image\/"}},{"@type":"Person","@id":"https:\/\/maroclovers.com\/sv\/#\/schema\/person\/4898038b57d13e3da9430c05c165e475","name":"Severine","image":{"@type":"ImageObject","inLanguage":"sv-SE","@id":"https:\/\/secure.gravatar.com\/avatar\/6d0d7a36298d05d1ff1079e571d7d76b1f551a3865fc37447d2c3ac79eadf069?s=96&d=mm&r=g","url":"https:\/\/secure.gravatar.com\/avatar\/6d0d7a36298d05d1ff1079e571d7d76b1f551a3865fc37447d2c3ac79eadf069?s=96&d=mm&r=g","contentUrl":"https:\/\/secure.gravatar.com\/avatar\/6d0d7a36298d05d1ff1079e571d7d76b1f551a3865fc37447d2c3ac79eadf069?s=96&d=mm&r=g","caption":"Severine"},"url":"https:\/\/maroclovers.com\/sv\/author\/severine\/"}]}},"featured_image_src":"https:\/\/maroclovers.com\/wp-content\/uploads\/2025\/12\/visiter-musee-saint-laurent-marrakech-8-600x400.jpg","featured_image_src_square":"https:\/\/maroclovers.com\/wp-content\/uploads\/2025\/12\/visiter-musee-saint-laurent-marrakech-8-600x600.jpg","author_info":{"display_name":"Severine","author_link":"https:\/\/maroclovers.com\/sv\/author\/severine\/"},"_links":{"self":[{"href":"https:\/\/maroclovers.com\/sv\/wp-json\/wp\/v2\/posts\/11875","targetHints":{"allow":["GET"]}}],"collection":[{"href":"https:\/\/maroclovers.com\/sv\/wp-json\/wp\/v2\/posts"}],"about":[{"href":"https:\/\/maroclovers.com\/sv\/wp-json\/wp\/v2\/types\/post"}],"author":[{"embeddable":true,"href":"https:\/\/maroclovers.com\/sv\/wp-json\/wp\/v2\/users\/14"}],"replies":[{"embeddable":true,"href":"https:\/\/maroclovers.com\/sv\/wp-json\/wp\/v2\/comments?post=11875"}],"version-history":[{"count":0,"href":"https:\/\/maroclovers.com\/sv\/wp-json\/wp\/v2\/posts\/11875\/revisions"}],"wp:featuredmedia":[{"embeddable":true,"href":"https:\/\/maroclovers.com\/sv\/wp-json\/wp\/v2\/media\/11874"}],"wp:attachment":[{"href":"https:\/\/maroclovers.com\/sv\/wp-json\/wp\/v2\/media?parent=11875"}],"wp:term":[{"taxonomy":"category","embeddable":true,"href":"https:\/\/maroclovers.com\/sv\/wp-json\/wp\/v2\/categories?post=11875"},{"taxonomy":"post_tag","embeddable":true,"href":"https:\/\/maroclovers.com\/sv\/wp-json\/wp\/v2\/tags?post=11875"}],"curies":[{"name":"wp","href":"https:\/\/api.w.org\/{rel}","templated":true}]}}