{"id":11543,"date":"2025-12-12T08:29:13","date_gmt":"2025-12-12T08:29:13","guid":{"rendered":"https:\/\/maroclovers.com\/visiter-jardin-majorelle-musee-arts-berberes-pierre-berger-marrakech\/"},"modified":"2025-12-16T10:40:51","modified_gmt":"2025-12-16T10:40:51","slug":"besok-jardin-majorelle-museum-berber-arts-pierre-berger-marrakech","status":"publish","type":"post","link":"https:\/\/maroclovers.com\/sv\/besok-jardin-majorelle-museum-berber-arts-pierre-berger-marrakech\/","title":{"rendered":"Jardin Majorelle och Berber Arts Museum (Marrakech): bes\u00f6k"},"content":{"rendered":"\n<p>P\u00e5 ena sidan en tr\u00e4dg\u00e5rd som kommer att f\u00f6rv\u00e5na dig med sina livfulla f\u00e4rger och frodiga v\u00e4xtlighet, en sann oas av frid i hj\u00e4rtat av <strong>Marrakech<\/strong>. P\u00e5 den andra sidan finns ett museum som avsl\u00f6jar den berbiska kulturens rikedom genom noggrant utst\u00e4llda f\u00f6rem\u00e5l, smycken och textilier. Tillsammans erbjuder <strong>Jardin Majorelle<\/strong> och <strong>Pierre Berger Museum of Berber<\/strong> Art en visuell och kulturell upplevelse, d\u00e4r konst, historia, traditioner och natur m\u00f6ts och fl\u00e4tas samman f\u00f6r att ber\u00e4tta en annan historia om <strong>Marocko<\/strong>.  <\/p>\n\n<p>I den h\u00e4r artikeln hittar du ett urval av <strong>anv\u00e4ndbara tips<\/strong> som hj\u00e4lper dig att f\u00f6rbereda dig inf\u00f6r ditt bes\u00f6k och f\u00e5 en underbar tid!<\/p>\n\n<figure class=\"wp-block-image size-large\"><img decoding=\"async\" src=\"https:\/\/maroclovers.com\/wp-content\/uploads\/2025\/12\/besoka-majorelle-tradgard-museum-berberkonst-pierre-berger-marrakech-SE-1024x768.jpg\" alt=\"Marrakech\" class=\"wp-image-11532\"\/><\/figure>\n\n<p>Detta \u00e4r en helt <strong>oberoende<\/strong> \u00e5sikt, baserad p\u00e5 v\u00e5r egen erfarenhet. Vi bes\u00f6kte regionen anonymt, gjorde v\u00e5ra egna val och betalade v\u00e5ra r\u00e4kningar till fullo.<\/p>\n\n<h2 class=\"wp-block-heading\">Varf\u00f6r bes\u00f6ka Jardin Majorelle och Pierre Berger-museet f\u00f6r berberkonst?<\/h2>\n\n<h3 class=\"wp-block-heading\">\u00c4r det v\u00e4rt att bes\u00f6ka Jardin Majorelle och Pierre Berger-museet? V\u00e5r \u00e5sikt:<\/h3>\n\n<p>Ja, och av flera anledningar! Jardin Majorelle erbjuder en oas av lugn och kromatisk sk\u00f6nhet mitt i Marrakech, en ofta frenetisk stad. Vi nj\u00f6t av de skuggiga stigarna, dammarna och de exotiska v\u00e4xterna som inbjuder till avkoppling och kontemplation. Museet berikar denna stund av frid med en djupg\u00e5ende kulturell dimension. H\u00e4r kan du uppt\u00e4cka rikedomen i en tusen\u00e5rig kultur, berbernas (amazighernas), som ofta f\u00f6rbises trots dess betydelse i Marockos historia. Tillsammans skapar dessa 2 omr\u00e5den en resa som kombinerar natur, konst och sinnen. De \u00e4r bland de <a href=\"https:\/\/maroclovers.com\/sv\/sevardheter-marrakech-att-gora\/\" target=\"_blank\" rel=\"noreferrer noopener\">b\u00e4sta aktiviteterna i staden<\/a>!      <\/p>\n\n<p><a href=\"https:\/\/www.getyourguide.com\/fr-fr\/prefecture-de-marrakech-l208\/jardins-de-majorelle-avec-billet-optionnel-pour-le-musee-ysl-et-le-musee-berbere-t593175\/?partner_id=R3GYW4V&amp;cmp=maroc\" target=\"_blank\" rel=\"noreferrer noopener sponsored nofollow\"><strong>&gt;&gt;  Boka din biljett nu<\/strong><\/a><\/p>\n\n<figure class=\"wp-block-image size-large\"><img decoding=\"async\" src=\"https:\/\/photos.smugmug.com\/Maroc-Lovers\/Marrakech\/Jardin-Majorelle-Mus&#xE9;e-arts-berb&#xE8;res-Pierre-Berger\/i-WnLbD74\/0\/MRHxGnFXgqJHf2kkzsmnxJWQVpSmbKvvZL5X78j4k\/L\/jardin%20majorelle%20musee%20arts%20berberes%20pierre%20berger%20marrakech-002-L.jpg\" alt=\"Jardin Majorelle och Pierre Berger-museet f&#xF6;r berberkonst - font&#xE4;n\"\/><\/figure>\n\n<p>Innan vi l\u00e4ser vidare vill vi p\u00e5peka att eftersom det inte \u00e4r <strong>till\u00e5tet att fotografera inne i museet<\/strong> \u00e4r de bilder som anv\u00e4nds f\u00f6r att illustrera museet begr\u00e4nsade till utomhusomr\u00e5dena eller annexen.<\/p>\n\n<h3 class=\"wp-block-heading\">Vad \u00e4r Jardin Majorelle och Pierre Berger-museet f\u00f6r berberkonst k\u00e4nda f\u00f6r?<\/h3>\n\n<p>Jardin Majorelle \u00e4r k\u00e4nd f\u00f6r sin livfulla f\u00e4rgpalett &#8211; i synnerhet den ber\u00f6mda &#8221;Majorellebl\u00e5&#8221; &#8211; och f\u00f6r sin otroliga samling exotiska v\u00e4xter som m\u00e5laren Jacques Majorelle samlade ihop under flera decennier. Vi fick veta att platsen restaurerades och skyddades av Yves Saint Laurent och Pierre Berg\u00e9 p\u00e5 1980-talet, vilket gav den internationell ryktbarhet. <\/p>\n\n<p>Museet, som \u00e4r inrymt i m\u00e5larens tidigare atelj\u00e9, visar \u00f6ver 600 f\u00f6rem\u00e5l fr\u00e5n Pierre Berg\u00e9s och Yves Saint Laurents personliga samlingar och ber\u00e4ttar om konsten, traditionerna och det dagliga livet hos berberfolken i Marocko, fr\u00e5n Rif till Sahara.<\/p>\n\n<figure class=\"wp-block-image size-large\"><img decoding=\"async\" src=\"https:\/\/photos.smugmug.com\/Maroc-Lovers\/Marrakech\/Jardin-Majorelle-Mus&#xE9;e-arts-berb&#xE8;res-Pierre-Berger\/i-kXdsTs7\/0\/NKfWK3X9GKqtCWKz6wtwXLPRfNgjknD8nmd2QhwjC\/L\/jardin%20majorelle%20musee%20arts%20berberes%20pierre%20berger%20marrakech-088-L.jpg\" alt=\"Jardin Majorelle och Pierre Berger-museet f&#xF6;r berberkonst - pierre berger museum beach\"\/><\/figure>\n\n<h3 class=\"wp-block-heading\">V\u00e5ra favorit\u00f6gonblick<\/h3>\n\n<ul class=\"wp-block-list\">\n<li>F\u00f6rsvinn in i tr\u00e4dg\u00e5rdens tropiska gr\u00e4nder och titta p\u00e5 de gigantiska kaktusarna, som kontrasterar mot de imponerande f\u00e4rgerna p\u00e5 art-deco-byggnadernas fasader.<\/li>\n\n\n\n<li>Promenera genom museets rum, d\u00e4r varje f\u00f6rem\u00e5l ber\u00e4ttar en fascinerande historia.<\/li>\n<\/ul>\n\n<p><a href=\"https:\/\/www.getyourguide.com\/fr-fr\/prefecture-de-marrakech-l208\/jardins-de-majorelle-avec-billet-optionnel-pour-le-musee-ysl-et-le-musee-berbere-t593175\/?partner_id=R3GYW4V&amp;cmp=maroc\" target=\"_blank\" rel=\"noreferrer noopener sponsored nofollow\"><strong>&gt;&gt;  Boka din biljett nu<\/strong><\/a><\/p>\n\n<figure class=\"wp-block-image size-large\"><img decoding=\"async\" src=\"https:\/\/photos.smugmug.com\/Maroc-Lovers\/Marrakech\/Jardin-Majorelle-Mus&#xE9;e-arts-berb&#xE8;res-Pierre-Berger\/i-b7XBZTk\/0\/K2M435SsGCkSvmH8STJvPnNSQXgBb92mz3cLJznp2\/L\/jardin%20majorelle%20musee%20arts%20berberes%20pierre%20berger%20marrakech-003-L.jpg\" alt=\"Jardin Majorelle och Pierre Berger-museet f&#xF6;r berberkonst - byggnader i art deco-stil\"\/><\/figure>\n\n<div style=\"margin-top:8%;margin-bottom:8%\" class=\"wp-block-genesis-blocks-gb-container box gb-block-container\"><div class=\"gb-container-inside\"><div class=\"gb-container-content\" style=\"max-width:700px\">\n<div class=\"wp-block-genesis-blocks-gb-container box_titre gb-block-container\"><div class=\"gb-container-inside\"><div class=\"gb-container-content\">\n<h5 class=\"titre_box\" style=\"padding-top:10px;\">VAR KAN MAN BO I <span class=\"titre_box_manuscrit\">Marrakech<\/span><\/h5>\n<\/div><\/div><\/div>\n\n\n\n<hr class=\"wp-block-separator has-text-color has-alpha-channel-opacity has-background is-style-wide hr-box-planif\" style=\"background-color:#ccd3dd;color:#ccd3dd\"\/>\n\n\n\n<div class=\"wp-block-columns box_sans_border is-layout-flex wp-container-core-columns-is-layout-9d6595d7 wp-block-columns-is-layout-flex\">\n<div class=\"wp-block-column texte_planif is-layout-flow wp-block-column-is-layout-flow\" style=\"font-size:14px;flex-basis:60%\">\n<p class=\"option_titre2\">V\u00e5ra favoriter: stadsdelar och hotell<\/p>\n\n\n\n<p style=\"font-size:14px\"><strong>I Medina<\/strong><\/p>\n\n\n\n<p style=\"font-size:14px\">Riad Kbour &amp; Chou &#8211; <a href=\"https:\/\/www.booking.com\/hotel\/ma\/riad-kbour-amp-chou.fr.html?aid=2432849\" target=\"_blank\" rel=\"noreferrer noopener sponsored nofollow\">Se priser, bilder och tillg\u00e4nglighet<\/a><\/p>\n\n\n\n<p style=\"font-size:14px\"><strong>I Kasbah, en gammal bef\u00e4st stadsdel<\/strong><\/p>\n\n\n\n<p style=\"font-size:14px\">Riad Jonan &amp; Spa &#8211; <a href=\"https:\/\/www.booking.com\/hotel\/ma\/riad-jonan.html?aid=2432849\" target=\"_blank\" rel=\"noreferrer noopener sponsored nofollow\">Se priser, bilder och tillg\u00e4nglighet<\/a><\/p>\n\n\n\n<p style=\"font-size:14px\"><strong>Lyxhotell<\/strong><\/p>\n\n\n\n<p style=\"font-size:14px\">H\u00f4tel Royal Mansour &#8211; <a href=\"https:\/\/www.booking.com\/hotel\/ma\/royal-mansour-marrakech.fr.html?aid=2432849\" target=\"_blank\" rel=\"noreferrer noopener sponsored nofollow\">Se priser, bilder och tillg\u00e4nglighet<\/a><\/p>\n<\/div>\n\n\n\n<div class=\"wp-block-column is-vertically-aligned-top planif-radius is-layout-flow wp-block-column-is-layout-flow\" style=\"flex-basis:40%\">\n<figure class=\"wp-block-image size-large img-portrait\"><img decoding=\"async\" src=\"https:\/\/photos.smugmug.com\/Maroc-Lovers\/Marrakech\/O%C3%B9-dormir\/i-3VCPzzJ\/0\/MZCGJ2MtXBfBjBjBRxrzTSpS6kwcN6WttCHNZ5tZG\/L\/hotel%20royal%20mansour%20Marrakech-2-L.jpg\" alt=\"Royal Mansour Hotell\" title=\"\"\/><\/figure>\n<\/div>\n<\/div>\n\n\n\n<p class=\"has-text-align-center has-normal-font-size\"><a href=\"https:\/\/maroclovers.com\/sv\/var-kan-bo-marrakech-basta-hotellen-stadsdelarna\/\" target=\"_blank\" rel=\"noreferrer noopener\">Se v\u00e5rt kompletta urval av de b\u00e4sta hotellen i Marrakech<\/a><\/p>\n\n\n\n<div class=\"wp-block-buttons planif_bouton is-content-justification-center is-layout-flex wp-container-core-buttons-is-layout-16018d1d wp-block-buttons-is-layout-flex\">\n<div class=\"wp-block-button\"><a class=\"wp-block-button__link has-white-color has-text-color has-custom-font-size wp-element-button\" href=\"https:\/\/www.booking.com\/searchresults.html?city=-38833&amp;nflt=review_score%253D90%253Breview_score%253D80&amp;aid=2432849&amp;no_rooms=1&amp;group_adults=2\" style=\"border-radius:4px;font-size:14px\" target=\"_blank\" rel=\"noreferrer noopener nofollow\">Se alla tillg\u00e4ngliga boenden &gt;&gt;<\/a><\/div>\n<\/div>\n<\/div><\/div><\/div>\n\n<h3 class=\"wp-block-heading\">Historia i korthet<\/h3>\n\n<ul class=\"wp-block-list\">\n<li><strong>Jardin Majorelle<\/strong> skapades <strong>1922<\/strong> av m\u00e5laren<strong> Jacques Majorelle<\/strong> som en plats f\u00f6r botaniskt skapande och experimenterande och kombinerade moriska influenser med art deco. Efter att ha restaurerats av Yves Saint Laurent och Pierre Berg\u00e9 p\u00e5 <strong>1980-talet<\/strong> f\u00f6r att r\u00e4dda den fr\u00e5n en fastighetsutveckling har den blivit en symbol f\u00f6r Marrakech. <\/li>\n<\/ul>\n\n<ul class=\"wp-block-list\">\n<li><strong>Pierre Berg\u00e9 Museum of Berber <\/strong>Art invigdes <strong>2011<\/strong> i Jacques Majorelles tidigare atelj\u00e9, under beskydd av Marockos kung, f\u00f6r att visa upp en <strong>unik samling av berberkonst och f\u00f6rem\u00e5l<\/strong> som Berg\u00e9 och Saint Laurent samlat under sina resor i regionen.<\/li>\n<\/ul>\n\n<figure class=\"wp-block-image size-large\"><img decoding=\"async\" src=\"https:\/\/photos.smugmug.com\/Maroc-Lovers\/Marrakech\/Jardin-Majorelle-Mus&#xE9;e-arts-berb&#xE8;res-Pierre-Berger\/i-cKVzjfn\/0\/Mp2PxkSj8jWgp4GGhhx4bZDzv2QH55gKzJb5F7wTd\/L\/jardin%20majorelle%20musee%20arts%20berberes%20pierre%20berger%20marrakech-039-L.jpg\" alt=\"Jardin Majorelle och Pierre Berger-museet f&#xF6;r berberkonst - r&#xF6;d v&#xE5;ning\"\/><\/figure>\n\n<h2 class=\"wp-block-heading\">Tillg\u00e5ng: Jardin Majorelle och Berber Arts Museum, Marrakech<\/h2>\n\n<h3 class=\"wp-block-heading\">Var ligger tr\u00e4dg\u00e5rden och museet?<\/h3>\n\n<p>Tr\u00e4dg\u00e5rden och museet ligger i stadsdelen Gu\u00e9liz i Marrakech, p\u00e5 Rue Yves Saint Laurent &#8211; ett omr\u00e5de som \u00e4r l\u00e4ttillg\u00e4ngligt fr\u00e5n olika platser i staden. De utg\u00f6r en sammanh\u00e4ngande ensemble: ett bes\u00f6k i tr\u00e4dg\u00e5rden leder naturligt vidare till ett bes\u00f6k i museet. <\/p>\n\n<ul class=\"wp-block-list\">\n<li>25 minuter med bil fr\u00e5n Marrakech flygplats,<\/li>\n\n\n\n<li>ca 15 minuter med bil eller 35 minuter till fots fr\u00e5n torget Jemaa el-Fna,<\/li>\n\n\n\n<li>i omedelbar n\u00e4rhet av Yves Saint Laurent-museet,<\/li>\n\n\n\n<li>N\u00e4ra till <a href=\"https:\/\/maroclovers.com\/sv\/sevardheter-marrakech-att-gora\/\" target=\"_blank\" rel=\"noreferrer noopener\">Marrakechs huvudattraktioner<\/a><\/li>\n<\/ul>\n\n<div style=\"margin-top:8%;margin-bottom:8%\" class=\"wp-block-genesis-blocks-gb-container box gb-block-container\"><div class=\"gb-container-inside\"><div class=\"gb-container-content\">\n<div class=\"wp-block-columns inverse box_planif is-layout-flex wp-container-core-columns-is-layout-9d6595d7 wp-block-columns-is-layout-flex\">\n<div class=\"wp-block-column texte_planif is-layout-flow wp-block-column-is-layout-flow\" style=\"flex-basis:60%\">\n<h5 class=\"titre_box\" style=\"padding-top:10px;\">V\u00c5RA TIPS F\u00d6R ATT HYRA BIL I <span class=\"titre_box_manuscrit\">Marocko<\/span><\/h5>\n\n\n\n<ul style=\"font-size:14px\" class=\"wp-block-list\">\n<li>J\u00e4mf\u00f6r priser p\u00e5 v\u00e5r f\u00f6redragna plattform: <a href=\"https:\/\/www.discovercars.com\/se\/morocco?a_aid=zigzag&amp;chan=maroc\" target=\"_blank\" rel=\"noreferrer noopener nofollow\">DiscoverCars<\/a> &#8211; en av de b\u00e4st rankade webbplatserna.<\/li>\n\n\n\n<li>Anpassa ditt val av fordon till din resv\u00e4g!<\/li>\n\n\n\n<li>F\u00f6r fler valm\u00f6jligheter, <strong>boka tidigt<\/strong>.<\/li>\n<\/ul>\n<\/div>\n\n\n\n<div class=\"wp-block-column planif-radius-2 is-layout-flow wp-block-column-is-layout-flow\">\n<figure class=\"wp-block-image size-large voiture_image\"><img decoding=\"async\" src=\"https:\/\/photos.smugmug.com\/Travel\/Morocco-all\/Morocco\/i-KDMQCZb\/4\/NXBrCVn8rWSm5NQQ9T5SCqjxhchbDNJ26tPBjGcZS\/S\/P1000664-S.jpg\" alt=\"leda till Marocko\"\/><\/figure>\n<\/div>\n<\/div>\n\n\n\n<div class=\"wp-block-columns planif_bouton is-layout-flex wp-container-core-columns-is-layout-9d6595d7 wp-block-columns-is-layout-flex\">\n<div class=\"wp-block-column is-vertically-aligned-top is-layout-flow wp-block-column-is-layout-flow\">\n<div class=\"wp-block-buttons is-content-justification-center is-layout-flex wp-container-core-buttons-is-layout-16018d1d wp-block-buttons-is-layout-flex\">\n<div class=\"wp-block-button\"><a class=\"wp-block-button__link has-white-color has-text-color wp-element-button\" href=\"https:\/\/www.discovercars.com\/se\/morocco?a_aid=zigzag&amp;amp;chan=maroc\" target=\"_blank\" rel=\"noreferrer noopener nofollow\">Se tillg\u00e4ngliga bilar &gt;&gt;<\/a><\/div>\n<\/div>\n<\/div>\n\n\n\n<div class=\"wp-block-column is-vertically-aligned-center is-layout-flow wp-block-column-is-layout-flow\">\n<p class=\"has-text-align-center\" style=\"font-size:16px\">L\u00e4s v\u00e5ra r\u00e5d (kommer snart)<\/p>\n<\/div>\n<\/div>\n<\/div><\/div><\/div>\n\n<h3 class=\"wp-block-heading\">Hur kommer jag dit?<\/h3>\n\n<ul class=\"wp-block-list\">\n<li><strong>Med kollektivtrafiken<\/strong> \u00e4r n\u00e4rmaste h\u00e5llplats <em>&#8221;Alfa 2000<\/em>&#8221; eller<em>&#8221;Ben Tbib<\/em>&#8221;. Se karta och tidtabeller <a href=\"https:\/\/www.alsa.ma\/fr\/marrakech\" target=\"_blank\" rel=\"noreferrer noopener nofollow\">h\u00e4r.<\/a><\/li>\n\n\n\n<li><strong>Till<\/strong> <strong>fots<\/strong> tar det 20 minuter fr\u00e5n <em>Plaza Gu\u00e9liz<\/em> och 40 minuter fr\u00e5n Medina.<\/li>\n\n\n\n<li>Alternativt kan du v\u00e4lja en <strong>taxi<\/strong>.<br\/><\/li>\n<\/ul>\n\n<figure class=\"wp-block-image size-large\"><img decoding=\"async\" src=\"https:\/\/photos.smugmug.com\/Maroc-Lovers\/Marrakech\/Jardin-Majorelle-Mus&#xE9;e-arts-berb&#xE8;res-Pierre-Berger\/i-6jTmRhB\/0\/NHXW6J3rvSBs2x262Ps9sFDD2km24GFkfXRrXZVst\/L\/jardin%20majorelle%20musee%20arts%20berberes%20pierre%20berger%20marrakech-008-L.jpg\" alt=\"Jardin Majorelle och Pierre Berger-museet f&#xF6;r berberkonst - rue Yves Saint Laurent\"\/><\/figure>\n\n<h3 class=\"wp-block-heading\">Parkeringsplats<\/h3>\n\n<p>Det finns inget s\u00e4rskilt parkeringshus, men det finns flera parkeringsplatser l\u00e4ngs rue Yves Saint Laurent och p\u00e5 intilliggande gator. Under h\u00f6gs\u00e4song rekommenderar vi att du anl\u00e4nder tidigt f\u00f6r att enkelt hitta en plats eller att du anv\u00e4nder en taxi f\u00f6r att undvika att leta efter parkering. <\/p>\n\n<div style=\"margin-top:8%;margin-bottom:8%\" class=\"wp-block-genesis-blocks-gb-container box gb-block-container\"><div class=\"gb-container-inside\"><div class=\"gb-container-content\">\n<div class=\"wp-block-columns inverse is-layout-flex wp-container-core-columns-is-layout-9d6595d7 wp-block-columns-is-layout-flex\">\n<div class=\"wp-block-column texte_planif is-layout-flow wp-block-column-is-layout-flow\" style=\"flex-basis:58%\">\n<h5 class=\"titre_box\" style=\"padding-top:10px;\">UPPT\u00c4CK <span class=\"titre_box_manuscrit\">Marrakech<\/span><\/h5>\n\n\n\n<ul class=\"wp-block-list ul_box\">\n<li style=\"font-size:16px\"><a href=\"https:\/\/maroclovers.com\/sv\/sevardheter-marrakech-att-gora\/\" target=\"_blank\" rel=\"noreferrer noopener\">Sev\u00e4rdheter i Marrakech<\/a><\/li>\n\n\n\n<li style=\"font-size:16px\"><a href=\"https:\/\/maroclovers.com\/sv\/var-kan-bo-marrakech-basta-hotellen-stadsdelarna\/\" target=\"_blank\" rel=\"noreferrer noopener\">De b\u00e4sta hotellen i Marrakech<\/a><\/li>\n\n\n\n<li style=\"font-size:16px\"><a href=\"https:\/\/maroclovers.com\/sv\/basta-5-stjarniga-hotellen-marrakech-lyx-recensioner\/\" target=\"_blank\" rel=\"noreferrer noopener\">Lyxhotell<\/a><\/li>\n\n\n\n<li style=\"font-size:16px\">B\u00e4sta restaurangerna (kommer snart)<\/li>\n\n\n\n<li style=\"font-size:16px\">Resplaner: <a href=\"https:\/\/maroclovers.com\/sv\/besok-marrakech-2-dagar-resvagar\/\" type=\"post\" id=\"12230\" target=\"_blank\" rel=\"noreferrer noopener\">2 dagar<\/a> &#8211; <a href=\"https:\/\/maroclovers.com\/sv\/besok-agadir-3-dagar-resvagar\/\" type=\"post\" id=\"12341\" target=\"_blank\" rel=\"noreferrer noopener\">3 dagar<\/a> &#8211; <a href=\"https:\/\/maroclovers.com\/sv\/besok-marrakech-en-vecka-resvagar\/\" type=\"post\" id=\"12013\" target=\"_blank\" rel=\"noreferrer noopener\">1 vecka<\/a><\/li>\n\n\n\n<li style=\"font-size:16px\"><a href=\"https:\/\/maroclovers.com\/sv\/besok-jardin-majorelle-museum-berber-arts-pierre-berger-marrakech\/\">Jardin Majorelle<\/a><\/li>\n\n\n\n<li style=\"font-size:16px\"><a href=\"https:\/\/maroclovers.com\/sv\/hur-man-tar-sig-till-marrakech\/\" type=\"post\" id=\"12424\" target=\"_blank\" rel=\"noreferrer noopener\">Hur man tar sig dit<\/a><\/li>\n<\/ul>\n<\/div>\n\n\n\n<div class=\"wp-block-column ville-radius is-layout-flow wp-block-column-is-layout-flow\" style=\"flex-basis:42%\">\n<figure class=\"wp-block-image size-large img-portrait\"><img decoding=\"async\" src=\"https:\/\/photos.smugmug.com\/Maroc-Lovers\/Marrakech\/Best-of\/i-xH8MJPC\/0\/LR76SPbQQvRcSW63mhWM9vKkwz8tRrJLx3nFng6hf\/L\/best%20thisng%20to%20do%20marrakech-26-L.jpg\" alt=\"El Badi-palatset\" title=\"\"\/><\/figure>\n<\/div>\n<\/div>\n<\/div><\/div><\/div>\n\n<h2 class=\"wp-block-heading\">Anv\u00e4ndbara tips: varaktighet, tidtabeller, \u00e4ta&#8230;<\/h2>\n\n<h3 class=\"wp-block-heading\">B\u00e4sta tiden att bes\u00f6ka  <\/h3>\n\n<p>Vi tycker att tidiga morgnar, strax efter \u00f6ppningen, \u00e4r idealiska f\u00f6r att undvika folkmassorna och njuta av det mjuka ljuset p\u00e5 tr\u00e4dg\u00e5rdens f\u00e4rger och undvika eftermiddagens hetta. I slutet av dagen, f\u00f6re st\u00e4ngningsdags, \u00e4r det ocks\u00e5 mer gyllene ljus och f\u00e4rre bes\u00f6kare. <\/p>\n\n<figure class=\"wp-block-image size-large\"><img decoding=\"async\" src=\"https:\/\/photos.smugmug.com\/Maroc-Lovers\/Marrakech\/Jardin-Majorelle-Mus&#xE9;e-arts-berb&#xE8;res-Pierre-Berger\/i-rRcwRSv\/0\/KTk5tcvG8D5Wq7KNqQfKJ722RKsVF27QXzFhCCsnw\/L\/jardin%20majorelle%20musee%20arts%20berberes%20pierre%20berger%20marrakech-129-L.jpg\" alt=\"Jardin Majorelle och Pierre Berger-museet f&#xF6;r berberkonst - steg\"\/><\/figure>\n\n<h3 class=\"wp-block-heading\">Bes\u00f6ksl\u00e4ngd och huvudsakliga sv\u00e5righeter<\/h3>\n\n<ul class=\"wp-block-list\">\n<li>R\u00e4kna med cirka 1,5 timme f\u00f6r tr\u00e4dg\u00e5rden och ytterligare cirka 45 minuter f\u00f6r museet, beroende p\u00e5 din egen takt.<\/li>\n\n\n\n<li>Golvet \u00e4r i allm\u00e4nhet sl\u00e4tt och kan anv\u00e4ndas av PRM, men t\u00e4nk p\u00e5 att det kan vara halt i v\u00e5tt v\u00e4der.<\/li>\n\n\n\n<li>Vi s\u00e5g ramper p\u00e5 flera st\u00e4llen i tr\u00e4dg\u00e5rden och p\u00e5 museet.<\/li>\n<\/ul>\n\n<figure class=\"wp-block-image size-large\"><img decoding=\"async\" src=\"https:\/\/photos.smugmug.com\/Maroc-Lovers\/Marrakech\/Jardin-Majorelle-Mus&#xE9;e-arts-berb&#xE8;res-Pierre-Berger\/i-FjFqdc8\/0\/KXZPhNwVLMk8LPFnzZDcMvFLxXmnrjz8Hh7D92cGv\/L\/jardin%20majorelle%20musee%20arts%20berberes%20pierre%20berger%20marrakech-035-L.jpg\" alt=\"Jardin Majorelle och Pierre Berger-museet f&#xF6;r berberkonst - r&#xF6;d v&#xE5;ning\"\/><\/figure>\n\n<h3 class=\"wp-block-heading\">Bes\u00f6ksriktning<\/h3>\n\n<p>Det finns ingen best\u00e4md riktning f\u00f6r ditt bes\u00f6k. Vi r\u00e5der dig att lita p\u00e5 ditt hum\u00f6r och dina k\u00e4nslor n\u00e4r du v\u00e4ljer om du f\u00f6redrar att njuta av tr\u00e4dg\u00e5rden f\u00f6rst och sedan museet, eller vice versa.<\/p>\n\n<figure class=\"wp-block-image size-large\"><img decoding=\"async\" src=\"https:\/\/photos.smugmug.com\/Maroc-Lovers\/Marrakech\/Jardin-Majorelle-Mus&#xE9;e-arts-berb&#xE8;res-Pierre-Berger\/i-MJsQ3SB\/0\/KtG7JfNK9T8Hsd6MN28B2P9FFwGZHB9CrwcGvmLcx\/L\/jardin%20majorelle%20musee%20arts%20berberes%20pierre%20berger%20marrakech-016-L.jpg\" alt=\"Jardin Majorelle och Pierre Berger-museet f&#xF6;r berberkonst - karta\"\/><\/figure>\n\n<div style=\"background-color:#fefefe;margin-top:6%;margin-bottom:6%\" class=\"wp-block-genesis-blocks-gb-container box gb-block-container\"><div class=\"gb-container-inside\"><div class=\"gb-container-content\" style=\"max-width:700px\">\n<div class=\"wp-block-columns inverse is-layout-flex wp-container-core-columns-is-layout-9d6595d7 wp-block-columns-is-layout-flex\">\n<div class=\"wp-block-column texte_planif is-layout-flow wp-block-column-is-layout-flow\" style=\"flex-basis:58%\">\n<h5 class=\"titre_box\">LITE MER T\u00c5LAMOD<\/h5>\n\n\n\n<p style=\"font-size:14px\">MarockoAlla foton, kartor, information och anv\u00e4ndbara adresser som du beh\u00f6ver f\u00f6r att f\u00e5 ut det mesta av din vistelse p\u00e5 kommer snart att finnas tillg\u00e4ngliga i en enda e-bok!<\/p>\n\n\n\n<p style=\"font-size:14px\">Kommer snart!<\/p>\n<\/div>\n\n\n\n<div class=\"wp-block-column is-layout-flow wp-block-column-is-layout-flow\" style=\"flex-basis:42%\">\n<div class=\"wp-block-genesis-blocks-gb-container ebook-radius-waitlist gb-block-container\"><div class=\"gb-container-inside\"><div class=\"gb-container-content\"><div class=\"wp-block-image ebook-image\">\n<figure class=\"aligncenter size-large\"><img decoding=\"async\" src=\"https:\/\/loirelovers.fr\/wp-content\/uploads\/2023\/03\/ebooks_CorseNormandie_FR.png\" alt=\"Box Ebook Korsika FR\"\/><\/figure>\n<\/div><\/div><\/div><\/div>\n<\/div>\n<\/div>\n<\/div><\/div><\/div>\n\n<h3 class=\"wp-block-heading\">Bes\u00f6k med barn<\/h3>\n\n<p>Vi tycker att tr\u00e4dg\u00e5rden \u00e4r en trevlig och enkel plats att utforska med barn. De skuggiga stigarna, dammarna och f\u00e4rgerna \u00e4r ofta en hit bland de yngre bes\u00f6karna. Museet kr\u00e4ver d\u00e4remot mer uppm\u00e4rksamhet. F\u00f6r de yngre barnen kan det vara sv\u00e5rt att f\u00f6rdjupa sig i utst\u00e4llningen. Det \u00e4r b\u00e4st att anpassa bes\u00f6ket efter barnens \u00e5lder och deras intressen och vanor (vissa f\u00f6rem\u00e5l kan vara mer intressanta f\u00f6r \u00e4ldre barn eller ton\u00e5ringar).    <\/p>\n\n<figure class=\"wp-block-image size-large\"><img decoding=\"async\" src=\"https:\/\/photos.smugmug.com\/Maroc-Lovers\/Marrakech\/Jardin-Majorelle-Mus&#xE9;e-arts-berb&#xE8;res-Pierre-Berger\/i-8GXDvp6\/0\/Mszt6zkZ8C5ZDwcNnRM5sDFT3LGghLCS7F7z4sds6\/L\/jardin%20majorelle%20musee%20arts%20berberes%20pierre%20berger%20marrakech-147-L.jpg\" alt=\"Jardin Majorelle och Pierre Berger-museet f&#xF6;r berberkonst - kaktusar\"\/><\/figure>\n\n<h3 class=\"wp-block-heading\">\u00d6ppettider och priser<\/h3>\n\n<ul class=\"wp-block-list\">\n<li>Jardin Majorelle \u00e4r \u00f6ppet varje dag fr\u00e5n kl. 8.30 till 18.00.<\/li>\n\n\n\n<li>Pierre Berg\u00e9 Museum of Berber Art \u00e4r \u00f6ppet varje dag kl. 9.00-17.30.<\/li>\n\n\n\n<li>Intr\u00e4de till museet och tr\u00e4dg\u00e5rden kostar 230DH (ca 21 \u20ac).<\/li>\n<\/ul>\n\n<p>Vi rekommenderar starkt att du <a href=\"https:\/\/www.getyourguide.com\/fr-fr\/prefecture-de-marrakech-l208\/jardins-de-majorelle-avec-billet-optionnel-pour-le-musee-ysl-et-le-musee-berbere-t593175\/?partner_id=R3GYW4V&amp;cmp=maroc\" target=\"_blank\" rel=\"noreferrer noopener sponsored nofollow\">bokar dina biljetter i f\u00f6rv\u00e4g<\/a>!<\/p>\n\n<p>Du kan ocks\u00e5 <strong>v\u00e4lja en kombinerad biljett<\/strong> som inkluderar: Jardin Majorelle + Mus\u00e9e Pierre Berg\u00e9 + Mus\u00e9e Yves Saint-Laurent. L\u00e4s mer p\u00e5 den officiella webbplatsen <a href=\"https:\/\/tickets.jardinmajorelle.com\/visite\" target=\"_blank\" rel=\"noreferrer noopener nofollow\">h\u00e4r.<\/a> <\/p>\n\n<figure class=\"wp-block-image size-large\"><img decoding=\"async\" src=\"https:\/\/photos.smugmug.com\/Maroc-Lovers\/Marrakech\/Jardin-Majorelle-Mus&#xE9;e-arts-berb&#xE8;res-Pierre-Berger\/i-SNVsF5R\/0\/Nh7G246KTKRfkT3wrmTfjDdsgrMcnh9bx2f3vGgdJ\/L\/jardin%20majorelle%20musee%20arts%20berberes%20pierre%20berger%20marrakech-153-L.jpg\" alt=\"Jardin Majorelle och museet f&#xF6;r berberkonst Pierre Berger - kl&#xE4;tterros p&#xE5; en majorellebl&#xE5; v&#xE4;gg\"\/><\/figure>\n\n<h3 class=\"wp-block-heading\">Catering<\/h3>\n\n<p>Efter ditt bes\u00f6k kan du bege dig till Caf\u00e9 Bousafsaf (\u00e4ven k\u00e4nt som Caf\u00e9 Majorelle)! Det h\u00e4r \u00e4r en utm\u00e4rkt adress f\u00f6r en gourmetpaus bara 2 steg fr\u00e5n tr\u00e4dg\u00e5rden. H\u00e4r erbjuds en avslappnad atmosf\u00e4r, perfekt f\u00f6r att njuta av en svalkande drink, ett lokalt bakverk eller en l\u00e4tt m\u00e5ltid och samtidigt f\u00f6rl\u00e4nga upplevelsen i hj\u00e4rtat av den gr\u00f6na oasen.  <\/p>\n\n<figure class=\"wp-block-image size-large\"><img decoding=\"async\" src=\"https:\/\/photos.smugmug.com\/Maroc-Lovers\/Marrakech\/Jardin-Majorelle-Mus&#xE9;e-arts-berb&#xE8;res-Pierre-Berger\/i-KGdntbC\/0\/K7VR8ZMtsxtCMtr7hCPGVB5vngw89R3f3nbz6kGhg\/L\/jardin%20majorelle%20musee%20arts%20berberes%20pierre%20berger%20marrakech-119-L.jpg\" alt=\"Jardin Majorelle och Pierre Berger-museet f&#xF6;r berberkonst - ing&#xE5;ng till Caf&#xE9; Majorelle\"\/><\/figure>\n\n<p>Se v\u00e5r artikel om stadens b\u00e4sta restauranger (kommer snart)<\/p>\n\n<h2 class=\"wp-block-heading\">Jardin Majorelle: en oas av f\u00e4rg och gr\u00f6nska i hj\u00e4rtat av Marrakech<\/h2>\n\n<h3 class=\"wp-block-heading\">Utforska frodigheten hos exotiska v\u00e4xter<\/h3>\n\n<figure class=\"wp-block-image size-large\"><img decoding=\"async\" src=\"https:\/\/photos.smugmug.com\/Maroc-Lovers\/Marrakech\/Jardin-Majorelle-Mus&#xE9;e-arts-berb&#xE8;res-Pierre-Berger\/i-8rrxVTZ\/0\/LqSvnqd3BwvD5DwscRc9W2v8GxCKZsrWp7dr6rmdk\/L\/jardin%20majorelle%20musee%20arts%20berberes%20pierre%20berger%20marrakech-112-L.jpg\" alt=\"Jardin Majorelle och Pierre Berger-museet f&#xF6;r berberkonst - panorama\"\/><\/figure>\n\n<p>Vi vandrade genom de skuggiga gr\u00e4nderna i Jardin Majorelle och uppt\u00e4ckte en f\u00f6rv\u00e5nansv\u00e4rt t\u00e4t vegetation f\u00f6r ett omr\u00e5de som ligger i hj\u00e4rtat av Marrakech. Den franska m\u00e5laren Jacques Majorelle designade Jardin Majorelle som b\u00e5de en fristad och ett laboratorium, och h\u00e4r kan du se en imponerande samling exotiska v\u00e4xter fr\u00e5n fem kontinenter: monumentala kaktusar, smala palmer, bambu, agaver, yuccas och suckulenter som skapar n\u00e4stan overkliga scener i det marockanska ljuset. <\/p>\n\n<figure class=\"wp-block-image size-large\"><img decoding=\"async\" src=\"https:\/\/photos.smugmug.com\/Maroc-Lovers\/Marrakech\/Jardin-Majorelle-Mus&#xE9;e-arts-berb&#xE8;res-Pierre-Berger\/i-7qJ3PCQ\/0\/KMD9ZqVc5rG5kfNX43mrDRgrLLnvK3T9vKVpwgF3X\/L\/jardin%20majorelle%20musee%20arts%20berberes%20pierre%20berger%20marrakech-043-L.jpg\" alt=\"Jardin Majorelle och Pierre Berger-museet f&#xF6;r berberkonst - bambustigar\"\/><\/figure>\n\n<p>Vi har sett hur de slingrande stigarna, skuggorna och bass\u00e4ngerna bidrar till att skapa en sval och rogivande atmosf\u00e4r. N\u00e4r du promenerar kan du f\u00e5 en k\u00e4nsla av att varje utsiktsplats har utformats som en levande m\u00e5lning. <\/p>\n\n<h3 class=\"wp-block-heading\">Uppt\u00e4ck f\u00e4rgglada byggnader med morisk och art deco-influens<\/h3>\n\n<figure class=\"wp-block-image size-large\"><img decoding=\"async\" src=\"https:\/\/photos.smugmug.com\/Maroc-Lovers\/Marrakech\/Jardin-Majorelle-Mus&#xE9;e-arts-berb&#xE8;res-Pierre-Berger\/i-dHcF84D\/0\/MZD9mdjs7tsZdzbzLkSWnPLKJcQQwzCXwfqQkzgtd\/L\/jardin%20majorelle%20musee%20arts%20berberes%20pierre%20berger%20marrakech-149-L.jpg\" alt=\"Jardin Majorelle och Pierre Berger-museet f&#xF6;r berberkonst - art deco-byggnad\"\/><\/figure>\n\n<p>Vi slogs av den visuella kraften i tr\u00e4dg\u00e5rdens byggnader, som domineras av Majorellebl\u00e5tt i kontrast till ljusa gula f\u00e4rger, inslag av ockra och motiv inspirerade av morisk arkitektur. N\u00e4r du promenerar genom tr\u00e4dg\u00e5rden passerar du Jacques Majorelles tidigare atelj\u00e9 och de olika f\u00e4rgglada byggnaderna som dyker upp mellan v\u00e4xterna.   <\/p>\n\n<figure class=\"wp-block-image size-large\"><img decoding=\"async\" src=\"https:\/\/photos.smugmug.com\/Maroc-Lovers\/Marrakech\/Jardin-Majorelle-Mus&#xE9;e-arts-berb&#xE8;res-Pierre-Berger\/i-FGfMRWD\/0\/KKtnXWsV4QLm3kDFTNrPKvHgGGcKKPZxMbdSGMPXW\/L\/jardin%20majorelle%20musee%20arts%20berberes%20pierre%20berger%20marrakech-125-L.jpg\" alt=\"Jardin Majorelle och Pierre Berger-museet f&#xF6;r berberkonst - moriska arkitektoniska influenser\"\/><\/figure>\n\n<p>Vi \u00e4lskade hur de geometriska linjerna, b\u00e5garna, pergolorna och g\u00e5ngv\u00e4garna samspelar med vegetationen. Man kan se den perfekta harmonin mellan art deco-influenser och marockansk arkitektur. F\u00e4rgerna, formerna och volymerna skapar en f\u00f6rtrollande helhet.  <\/p>\n\n<h3 class=\"wp-block-heading\">Hitta Yves Saint Laurent-minnesm\u00e4rket<\/h3>\n\n<figure class=\"wp-block-image size-large\"><img decoding=\"async\" src=\"https:\/\/photos.smugmug.com\/Maroc-Lovers\/Marrakech\/Jardin-Majorelle-Mus&#xE9;e-arts-berb&#xE8;res-Pierre-Berger\/i-bh2z6tW\/0\/NJpm3gBLswGJgBvCkr6r9VvmwthB9rDnz3HRkGxW7\/L\/jardin%20majorelle%20musee%20arts%20berberes%20pierre%20berger%20marrakech-062-L.jpg\" alt=\"Jardin Majorelle och Pierre Berger-museet f&#xF6;r berberkonst - Yves Saint Laurent-minnesm&#xE4;rke\"\/><\/figure>\n\n<p>Vi avslutade v\u00e5r promenad p\u00e5 en lugnare plats, d\u00e4r vi hittade minnesm\u00e4rket \u00f6ver Yves Saint Laurent, som ligger i en gl\u00e4nta bort fr\u00e5n de stora g\u00e5ngv\u00e4garna. H\u00e4r finns en sober och elegant stele omgiven av v\u00e4xtlighet, utformad som ett minnesm\u00e4rke som p\u00e5minner om det djupa bandet mellan designern och den h\u00e4r platsen som han hj\u00e4lpte till att bevara. <\/p>\n\n<figure class=\"wp-block-image size-large\"><img decoding=\"async\" src=\"https:\/\/photos.smugmug.com\/Maroc-Lovers\/Marrakech\/Jardin-Majorelle-Mus&#xE9;e-arts-berb&#xE8;res-Pierre-Berger\/i-XtVv9nP\/0\/KJfd8qTRZTPTmLH8pQsKMdH9MRTzZPbZmS2xmWkzq\/L\/jardin%20majorelle%20musee%20arts%20berberes%20pierre%20berger%20marrakech-060-L.jpg\" alt=\"Jardin Majorelle och Pierre Berger-museet f&#xF6;r berberkonst - Yves Saint Laurents minnespanel\"\/><\/figure>\n\n<p>Vi \u00e4lskade den lugna atmosf\u00e4r som f\u00f6ljer med den och som markerar tr\u00e4dg\u00e5rdens intima och historiska dimension. Precis som vi kanske du t\u00e4nker p\u00e5 den h\u00e4r k\u00e4nda designern och hans arbete f\u00f6r att bevara oasen Jardin Majorelle, liksom p\u00e5 hur hans arbete p\u00e5verkat modev\u00e4rlden. <\/p>\n\n<div style=\"background-color:#fefefe;margin-top:6%;margin-bottom:6%\" class=\"wp-block-genesis-blocks-gb-container box gb-block-container\"><div class=\"gb-container-inside\"><div class=\"gb-container-content\" style=\"max-width:700px\">\n<div class=\"wp-block-columns inverse is-layout-flex wp-container-core-columns-is-layout-9d6595d7 wp-block-columns-is-layout-flex\">\n<div class=\"wp-block-column texte_planif is-layout-flow wp-block-column-is-layout-flow\" style=\"flex-basis:58%\">\n<h5 class=\"titre_box\">Ta emot v\u00e5rt <span class=\"titre_box_manuscrit\">nyhetsbrev<\/span><\/h5>\n\n\n\n<ul class=\"wp-block-list\">\n<li>En frisk fl\u00e4kt i ditt dagliga liv p\u00e5 de vackra destinationerna i Region Lovers!<\/li>\n\n\n\n<li>En g\u00e5ng i m\u00e5naden<\/li>\n\n\n\n<li>Reklamfri<\/li>\n<\/ul>\n\n\n<script>\nvar gform;gform||(document.addEventListener(\"gform_main_scripts_loaded\",function(){gform.scriptsLoaded=!0}),document.addEventListener(\"gform\/theme\/scripts_loaded\",function(){gform.themeScriptsLoaded=!0}),window.addEventListener(\"DOMContentLoaded\",function(){gform.domLoaded=!0}),gform={domLoaded:!1,scriptsLoaded:!1,themeScriptsLoaded:!1,isFormEditor:()=>\"function\"==typeof InitializeEditor,callIfLoaded:function(o){return!(!gform.domLoaded||!gform.scriptsLoaded||!gform.themeScriptsLoaded&&!gform.isFormEditor()||(gform.isFormEditor()&&console.warn(\"The use of gform.initializeOnLoaded() is deprecated in the form editor context and will be removed in Gravity Forms 3.1.\"),o(),0))},initializeOnLoaded:function(o){gform.callIfLoaded(o)||(document.addEventListener(\"gform_main_scripts_loaded\",()=>{gform.scriptsLoaded=!0,gform.callIfLoaded(o)}),document.addEventListener(\"gform\/theme\/scripts_loaded\",()=>{gform.themeScriptsLoaded=!0,gform.callIfLoaded(o)}),window.addEventListener(\"DOMContentLoaded\",()=>{gform.domLoaded=!0,gform.callIfLoaded(o)}))},hooks:{action:{},filter:{}},addAction:function(o,r,e,t){gform.addHook(\"action\",o,r,e,t)},addFilter:function(o,r,e,t){gform.addHook(\"filter\",o,r,e,t)},doAction:function(o){gform.doHook(\"action\",o,arguments)},applyFilters:function(o){return gform.doHook(\"filter\",o,arguments)},removeAction:function(o,r){gform.removeHook(\"action\",o,r)},removeFilter:function(o,r,e){gform.removeHook(\"filter\",o,r,e)},addHook:function(o,r,e,t,n){null==gform.hooks[o][r]&&(gform.hooks[o][r]=[]);var d=gform.hooks[o][r];null==n&&(n=r+\"_\"+d.length),gform.hooks[o][r].push({tag:n,callable:e,priority:t=null==t?10:t})},doHook:function(r,o,e){var t;if(e=Array.prototype.slice.call(e,1),null!=gform.hooks[r][o]&&((o=gform.hooks[r][o]).sort(function(o,r){return o.priority-r.priority}),o.forEach(function(o){\"function\"!=typeof(t=o.callable)&&(t=window[t]),\"action\"==r?t.apply(null,e):e[0]=t.apply(null,e)})),\"filter\"==r)return e[0]},removeHook:function(o,r,t,n){var e;null!=gform.hooks[o][r]&&(e=(e=gform.hooks[o][r]).filter(function(o,r,e){return!!(null!=n&&n!=o.tag||null!=t&&t!=o.priority)}),gform.hooks[o][r]=e)}});\n<\/script>\n\n                <div class='gf_browser_gecko gform_wrapper gravity-theme gform-theme--no-framework' data-form-theme='gravity-theme' data-form-index='0' id='gform_wrapper_2' >\n                        <div class='gform_heading'>\n                            <p class='gform_description'><\/p>\n                        <\/div><form method='post' enctype='multipart\/form-data'  id='gform_2'  action='\/sv\/wp-json\/wp\/v2\/posts\/11543' data-formid='2' novalidate> \r\n <input type='hidden' class='gforms-pum' value='{\"closepopup\":false,\"closedelay\":0,\"openpopup\":false,\"openpopup_id\":0}' \/>\n                        <div class='gform-body gform_body'><div id='gform_fields_2' class='gform_fields top_label form_sublabel_below description_below validation_below'><div id=\"field_2_1\" class=\"gfield gfield--type-email gfield--input-type-email field_sublabel_below gfield--no-description field_description_below field_validation_below gfield_visibility_visible\"  ><label class='gfield_label gform-field-label' for='input_2_1'>E-mail<\/label><div class='ginput_container ginput_container_email'>\n                            <input name='input_1' id='input_2_1' type='email' value='' class='large'     aria-invalid=\"false\"  \/>\n                        <\/div><\/div><fieldset id=\"field_2_4\" class=\"gfield gfield--type-consent gfield--type-choice gfield--input-type-consent gfield_contains_required field_sublabel_below gfield--no-description field_description_below hidden_label field_validation_below gfield_visibility_visible\"  ><legend class='gfield_label gform-field-label gfield_label_before_complex' >RGPD<span class=\"gfield_required\"><span class=\"gfield_required gfield_required_text\">(Obligatoriskt)<\/span><\/span><\/legend><div class='ginput_container ginput_container_consent'><input name='input_4.1' id='input_2_4_1' type='checkbox' value='1'   aria-required=\"true\" aria-invalid=\"false\"   \/> <label class=\"gform-field-label gform-field-label--type-inline gfield_consent_label\" for='input_2_4_1' >Ja, jag vill prenumerera p\u00e5 det m\u00e5natliga nyhetsbrevet<span class=\"gfield_required gfield_required_text\">(Obligatoriskt)<\/span><\/label><input type='hidden' name='input_4.2' value='Ja, jag vill prenumerera p\u00e5 det m\u00e5natliga nyhetsbrevet' class='gform_hidden' \/><input type='hidden' name='input_4.3' value='1' class='gform_hidden' \/><\/div><\/fieldset><div id=\"field_2_5\" class=\"gfield gfield--type-website gfield--input-type-website field_sublabel_below gfield--no-description field_description_below field_validation_below gfield_visibility_hidden\"  ><div class=\"admin-hidden-markup\"><i class=\"gform-icon gform-icon--hidden\" aria-hidden=\"true\" title=\"Detta f\u00e4lt \u00e4r dolt n\u00e4r formul\u00e4ret visas\"><\/i><span>Detta f\u00e4lt \u00e4r dolt n\u00e4r formul\u00e4ret visas<\/span><\/div><label class='gfield_label gform-field-label' for='input_2_5'>Site Web<\/label><div class='ginput_container ginput_container_website'>\n                    <input name='input_5' id='input_2_5' type='url' value='https:\/\/maroclovers.com\/sv\/wp-json\/wp\/v2\/posts\/11543' class='large'    placeholder='https:\/\/'  aria-invalid=\"false\" \/>\n                <\/div><\/div><\/div><\/div>\n        <div class='gform-footer gform_footer top_label'> <input type='submit' id='gform_submit_button_2' class='gform_button button' onclick='gform.submission.handleButtonClick(this);' data-submission-type='submit' value='Prenumerera'  \/> \n            <input type='hidden' class='gform_hidden' name='gform_submission_method' data-js='gform_submission_method_2' value='postback' \/>\n            <input type='hidden' class='gform_hidden' name='gform_theme' data-js='gform_theme_2' id='gform_theme_2' value='gravity-theme' \/>\n            <input type='hidden' class='gform_hidden' name='gform_style_settings' data-js='gform_style_settings_2' id='gform_style_settings_2' value='{&quot;theme&quot;:&quot;gravity-theme&quot;,&quot;inputPrimaryColor&quot;:&quot;#72bb20&quot;,&quot;buttonPrimaryBackgroundColor&quot;:&quot;#72bb20&quot;}' \/>\n            <input type='hidden' class='gform_hidden' name='is_submit_2' value='1' \/>\n            <input type='hidden' class='gform_hidden' name='gform_submit' value='2' \/>\n            \n            <input type='hidden' class='gform_hidden' name='gform_currency' data-currency='EUR' value='Uo7h383mthlC8KpgpWNT7To8AFiGGJ+lGXu3PbkICD1DeTs0Q0cMUgs\/sUIkkUKBBPMLL0bUAcKnN+JCTsjMIySnmeVUS8m7KcXxrKMBjw2deCQ=' \/>\n            <input type='hidden' class='gform_hidden' name='gform_unique_id' value='' \/>\n            <input type='hidden' class='gform_hidden' name='state_2' value='WyJ7XCI0LjFcIjpcIjQ5YmE5MzgzYmEzMWQ2MjUyZGZhNjBiMTExNWY1MDM0XCIsXCI0LjJcIjpcIjg2YmIzMjBjNGQ1YjAzNmJkZDRjMWM4YmVmY2NkMzk4XCIsXCI0LjNcIjpcIjQ5YmE5MzgzYmEzMWQ2MjUyZGZhNjBiMTExNWY1MDM0XCJ9IiwiNTAyZGRlZWJkNTQ1Mjk0NDZiZTQwNmMwNDkyZTQ1N2EiXQ==' \/>\n            <input type='hidden' autocomplete='off' class='gform_hidden' name='gform_target_page_number_2' id='gform_target_page_number_2' value='0' \/>\n            <input type='hidden' autocomplete='off' class='gform_hidden' name='gform_source_page_number_2' id='gform_source_page_number_2' value='1' \/>\n            <input type='hidden' name='gform_field_values' value='' \/>\n            \n        <\/div>\n                        <\/form>\n                        <\/div><script>\ngform.initializeOnLoaded( function() {gformInitSpinner( 2, 'https:\/\/maroclovers.com\/wp-content\/plugins\/gravityforms\/images\/spinner.svg', true );jQuery('#gform_ajax_frame_2').on('load',function(){var contents = jQuery(this).contents().find('*').html();var is_postback = contents.indexOf('GF_AJAX_POSTBACK') >= 0;if(!is_postback){return;}var form_content = jQuery(this).contents().find('#gform_wrapper_2');var is_confirmation = jQuery(this).contents().find('#gform_confirmation_wrapper_2').length > 0;var is_redirect = contents.indexOf('gformRedirect(){') >= 0;var is_form = form_content.length > 0 && ! is_redirect && ! is_confirmation;var mt = parseInt(jQuery('html').css('margin-top'), 10) + parseInt(jQuery('body').css('margin-top'), 10) + 100;if(is_form){jQuery('#gform_wrapper_2').html(form_content.html());if(form_content.hasClass('gform_validation_error')){jQuery('#gform_wrapper_2').addClass('gform_validation_error');} else {jQuery('#gform_wrapper_2').removeClass('gform_validation_error');}setTimeout( function() { \/* delay the scroll by 50 milliseconds to fix a bug in chrome *\/  }, 50 );if(window['gformInitDatepicker']) {gformInitDatepicker();}if(window['gformInitPriceFields']) {gformInitPriceFields();}var current_page = jQuery('#gform_source_page_number_2').val();gformInitSpinner( 2, 'https:\/\/maroclovers.com\/wp-content\/plugins\/gravityforms\/images\/spinner.svg', true );jQuery(document).trigger('gform_page_loaded', [2, current_page]);window['gf_submitting_2'] = false;}else if(!is_redirect){var confirmation_content = jQuery(this).contents().find('.GF_AJAX_POSTBACK').html();if(!confirmation_content){confirmation_content = contents;}jQuery('#gform_wrapper_2').replaceWith(confirmation_content);jQuery(document).trigger('gform_confirmation_loaded', [2]);window['gf_submitting_2'] = false;wp.a11y.speak(jQuery('#gform_confirmation_message_2').text());}else{jQuery('#gform_2').append(contents);if(window['gformRedirect']) {gformRedirect();}}jQuery(document).trigger(\"gform_pre_post_render\", [{ formId: \"2\", currentPage: \"current_page\", abort: function() { this.preventDefault(); } }]);        if (event && event.defaultPrevented) {                return;        }        const gformWrapperDiv = document.getElementById( \"gform_wrapper_2\" );        if ( gformWrapperDiv ) {            const visibilitySpan = document.createElement( \"span\" );            visibilitySpan.id = \"gform_visibility_test_2\";            gformWrapperDiv.insertAdjacentElement( \"afterend\", visibilitySpan );        }        const visibilityTestDiv = document.getElementById( \"gform_visibility_test_2\" );        let postRenderFired = false;        function triggerPostRender() {            if ( postRenderFired ) {                return;            }            postRenderFired = true;            gform.core.triggerPostRenderEvents( 2, current_page );            if ( visibilityTestDiv ) {                visibilityTestDiv.parentNode.removeChild( visibilityTestDiv );            }        }        function debounce( func, wait, immediate ) {            var timeout;            return function() {                var context = this, args = arguments;                var later = function() {                    timeout = null;                    if ( !immediate ) func.apply( context, args );                };                var callNow = immediate && !timeout;                clearTimeout( timeout );                timeout = setTimeout( later, wait );                if ( callNow ) func.apply( context, args );            };        }        const debouncedTriggerPostRender = debounce( function() {            triggerPostRender();        }, 200 );        if ( visibilityTestDiv && visibilityTestDiv.offsetParent === null ) {            const observer = new MutationObserver( ( mutations ) => {                mutations.forEach( ( mutation ) => {                    if ( mutation.type === 'attributes' && visibilityTestDiv.offsetParent !== null ) {                        debouncedTriggerPostRender();                        observer.disconnect();                    }                });            });            observer.observe( document.body, {                attributes: true,                childList: false,                subtree: true,                attributeFilter: [ 'style', 'class' ],            });        } else {            triggerPostRender();        }    } );} );\n<\/script>\n<\/div>\n\n\n\n<div class=\"wp-block-column is-layout-flow wp-block-column-is-layout-flow\" style=\"flex-basis:42%\">\n<div class=\"wp-block-genesis-blocks-gb-container aligncenter newsletter-radius gb-block-container\"><div class=\"gb-container-inside\"><div class=\"gb-container-content\"><div class=\"wp-block-image newsletter-image\">\n<figure class=\"aligncenter size-full\"><img decoding=\"async\" src=\"https:\/\/madeiralovers.com\/wp-content\/uploads\/2024\/01\/newsletter_FR_2.webp\" alt=\"\" class=\"wp-image-222\"\/><\/figure>\n<\/div><\/div><\/div><\/div>\n<\/div>\n<\/div>\n<\/div><\/div><\/div>\n\n<h2 class=\"wp-block-heading\">Pierre Berg\u00e9-museet f\u00f6r berberkonst: en s\u00e4llsynt djupdykning i hj\u00e4rtat av amazighkulturen<\/h2>\n\n<p>Det \u00e4r inte till\u00e5tet att fotografera inne i museet, och d\u00e4rf\u00f6r \u00e4r bilderna i detta avsnitt begr\u00e4nsade till utomhusomr\u00e5dena eller annexen.<\/p>\n\n<h3 class=\"wp-block-heading\">F\u00f6rst\u00e5else f\u00f6r berbernas identitet<\/h3>\n\n<figure class=\"wp-block-image size-large\"><img decoding=\"async\" src=\"https:\/\/photos.smugmug.com\/Maroc-Lovers\/Marrakech\/Jardin-Majorelle-Mus&#xE9;e-arts-berb&#xE8;res-Pierre-Berger\/i-3vjq2dV\/0\/NfV9Qh3ZTPmdbP2wnkWxKqcScpjr9Snp43jc5xxjH\/L\/jardin%20majorelle%20musee%20arts%20berberes%20pierre%20berger%20marrakech-089-L.jpg\" alt=\"Jardin Majorelle och Pierre Berger-museet f&#xF6;r berberkonst - Berberaffischer\"\/><\/figure>\n\n<p>Vi hittade ing\u00e5ngen till Mus\u00e9e des Arts Berb\u00e8res i den bl\u00e5 byggnad som en g\u00e5ng inrymde Jacques Majorelles atelj\u00e9, en plats med enkel arkitektur som st\u00e5r i kontrast till tr\u00e4dg\u00e5rdens \u00f6verd\u00e5d. Vi nj\u00f6t av den f\u00f6rsta delen av bes\u00f6ket, som byggde p\u00e5 mycket noggranna f\u00f6rklaringar och kontextualisering. <\/p>\n\n<figure class=\"wp-block-image size-large\"><img decoding=\"async\" src=\"https:\/\/photos.smugmug.com\/Maroc-Lovers\/Marrakech\/Jardin-Majorelle-Mus&#xE9;e-arts-berb&#xE8;res-Pierre-Berger\/i-NpQcbSq\/0\/K9RFwbnxL2LqJBpMphb8sCstRMRTZNGXLPjH8Xzrw\/L\/jardin%20majorelle%20musee%20arts%20berberes%20pierre%20berger%20marrakech-105-L.jpg\" alt=\"Jardin Majorelle och Pierre Berger-museet f&#xF6;r berberkonst - te\"\/><\/figure>\n\n<p>Inuti kommer du att uppt\u00e4cka de stora berberregionerna i Marocko &#8211; Rif, Mellersta Atlas, H\u00f6ga Atlas och oaserna i s\u00f6der &#8211; med kartor, dokument och audiovisuella hj\u00e4lpmedel som hj\u00e4lper dig att f\u00f6rst\u00e5 vilka amazighfolket \u00e4r och hur de har format sina traditioner. Du f\u00e5r en tydlig bild av deras historia, deras s\u00e4tt att leva och m\u00e5ngfalden av deras kulturella uttryck innan du g\u00e5r vidare till rummen som \u00e4gnas \u00e5t sj\u00e4lva f\u00f6rem\u00e5len. <\/p>\n\n<h3 class=\"wp-block-heading\">Uppt\u00e4ck traditionella f\u00e4rdigheter: textilier, v\u00e4vning och vardagsf\u00f6rem\u00e5l<\/h3>\n\n<figure class=\"wp-block-image size-large\"><img decoding=\"async\" src=\"https:\/\/photos.smugmug.com\/Maroc-Lovers\/Marrakech\/Jardin-Majorelle-Mus&#xE9;e-arts-berb&#xE8;res-Pierre-Berger\/i-FXMVtw6\/0\/LJvFgWgQ6j8mjjm7Lz47c5SpgS7Wz63BzNrkgMhcL\/L\/jardin%20majorelle%20musee%20arts%20berberes%20pierre%20berger%20marrakech-108-L.jpg\" alt=\"Jardin Majorelle och Pierre Berger-museet f&#xF6;r berberkonst - kassettak  \"\/><\/figure>\n\n<p>I rummen som \u00e4gnas \u00e5t textilier och vardagsf\u00f6rem\u00e5l kan du se en rad f\u00f6rem\u00e5l som visar uppfinningsrikedomen och kreativiteten i Amazigh-samh\u00e4llena. H\u00e4r finns framf\u00f6r allt ett urval mattor, v\u00e4vnader och br\u00f6llopsfiltar, som k\u00e4nns igen p\u00e5 sina geometriska m\u00f6nster och hantverkstekniker som g\u00e5tt i arv i flera generationer. <\/p>\n\n<figure class=\"wp-block-image size-large\"><img decoding=\"async\" src=\"https:\/\/photos.smugmug.com\/Maroc-Lovers\/Marrakech\/Jardin-Majorelle-Mus&#xE9;e-arts-berb&#xE8;res-Pierre-Berger\/i-HbFpRWB\/0\/MdhM6knkTWJVNBCC2vJpPHh7PPS62Wqztc6T3W5mb\/L\/jardin%20majorelle%20musee%20arts%20berberes%20pierre%20berger%20marrakech-100-L.jpg\" alt=\"Jardin Majorelle och Pierre Berger-museet f&#xF6;r berberkonst - d&#xF6;rr  \"\/><\/figure>\n\n<p>Vi \u00e4lskade m\u00e5ngfalden av material, ullnyanser och texturer som vittnar om f\u00e4rdigheter som \u00e4r djupt rotade i Atlas och s\u00f6dra Marockos regioner. Du kommer ocks\u00e5 att se keramik, k\u00e4rl och redskap som ber\u00e4ttar historien om det dagliga livet, och du kommer att f\u00f6lja samma logik av progressiv uppt\u00e4ckt, v\u00e4gledd av scenografin som kastar ljus \u00f6ver anv\u00e4ndningen, ursprunget eller funktionen f\u00f6r varje objekt. <\/p>\n\n<h3 class=\"wp-block-heading\">Beundra rikedomen av Amazighs ornament och symboler<\/h3>\n\n<figure class=\"wp-block-image size-large\"><img decoding=\"async\" src=\"https:\/\/photos.smugmug.com\/Maroc-Lovers\/Marrakech\/Jardin-Majorelle-Mus&#xE9;e-arts-berb&#xE8;res-Pierre-Berger\/i-pbHZJnD\/0\/MnPPCPLZwBRZHQHZ64MH4sM3Dp82cmsg84bN2H7zd\/L\/jardin%20majorelle%20musee%20arts%20berberes%20pierre%20berger%20marrakech-111-L.jpg\" alt=\"Jardin Majorelle och Pierre Berger-museet f&#xF6;r berberkonst - butik\"\/><\/figure>\n\n<p>Vi avslutade v\u00e5rt bes\u00f6k med rummen som \u00e4gnas \u00e5t smycken och ornament, en s\u00e4rskilt imponerande samling som understryker symbolernas betydelse i amazighkulturen. H\u00e4r finns silverfibulor, armband, halsband och amuletter, ibland prydda med koraller eller glas, vars exakta former speglar en stark estetisk identitet och en viktig social funktion. <\/p>\n\n<figure class=\"wp-block-image size-large\"><img decoding=\"async\" src=\"https:\/\/photos.smugmug.com\/Maroc-Lovers\/Marrakech\/Jardin-Majorelle-Mus&#xE9;e-arts-berb&#xE8;res-Pierre-Berger\/i-TvjCHws\/0\/M8RkJgrTsxbvPKZDvR8CWd5RCpmVvtdZtzKn2Kxv5\/L\/jardin%20majorelle%20musee%20arts%20berberes%20pierre%20berger%20marrakech-098-L.jpg\" alt=\"Jardin Majorelle och Pierre Berger-museet f&#xF6;r berberkonst - Love gallery\"\/><\/figure>\n\n<p>Vi nj\u00f6t av att uppt\u00e4cka och f\u00f6rst\u00e5 deras anv\u00e4ndningsomr\u00e5den: skydd, status, \u00e4ktenskap eller familje\u00f6verf\u00f6ring. Den m\u00f6rka atmosf\u00e4ren och den riktade belysningen avsl\u00f6jar varje detalj i f\u00f6rem\u00e5len. Du kan avrunda ditt bes\u00f6k med ett bes\u00f6k i Love Gallery, bokhandeln och butiken, som utvidgar utst\u00e4llningens v\u00e4rld.  <\/p>\n\n<h2 class=\"wp-block-heading\">Vanliga fr\u00e5gor och svar<\/h2>\n\n<h3 class=\"wp-block-heading\">Vad \u00e4r Majorelle Blue?<\/h3>\n\n<p>Majorelle Blue \u00e4r en intensiv, m\u00e4ttad bl\u00e5 nyans som uppfanns av konstn\u00e4ren Jacques Majorelle p\u00e5 1920-talet. Han anv\u00e4nde den f\u00f6r att m\u00e5la sin atelj\u00e9 och flera delar av den tr\u00e4dg\u00e5rd han skapade i Marrakech. Denna f\u00e4rg har blivit en symbol f\u00f6r Jardin Majorelle och bidrar till dess unika visuella identitet genom att skapa en sl\u00e5ende kontrast till gr\u00f6nskan.  <\/p>\n\n<figure class=\"wp-block-image size-large\"><img decoding=\"async\" src=\"https:\/\/photos.smugmug.com\/Maroc-Lovers\/Marrakech\/Jardin-Majorelle-Mus&#xE9;e-arts-berb&#xE8;res-Pierre-Berger\/i-7wJL9HX\/0\/Kh8cbm876wPR9sR4bCFTNwcnGqcT7QbVqLkwfTq38\/L\/jardin%20majorelle%20musee%20arts%20berberes%20pierre%20berger%20marrakech-141-L.jpg\" alt=\"Jardin Majorelle och Pierre Berger-museet f&#xF6;r berberkonst - bl&#xE5; byggnad\"\/><\/figure>\n\n<h3 class=\"wp-block-heading\">Vilka \u00e4r Pierre Berger och Yves Saint Laurent?<\/h3>\n\n<p>Yves Saint Laurent var en internationellt k\u00e4nd fransk modeskapare som anses ha revolutionerat modet under andra h\u00e4lften av 1900-talet. Pierre Berg\u00e9, hans livs- och aff\u00e4rspartner, var ocks\u00e5 en inflytelserik mecenat och samlare. Tillsammans spelade de en nyckelroll n\u00e4r det g\u00e4llde att skydda och fr\u00e4mja det konstn\u00e4rliga och kulturella arvet, s\u00e4rskilt i Marocko.  <\/p>\n\n<figure class=\"wp-block-image size-large\"><img decoding=\"async\" src=\"https:\/\/photos.smugmug.com\/Maroc-Lovers\/Marrakech\/Jardin-Majorelle-Mus&#xE9;e-arts-berb&#xE8;res-Pierre-Berger\/i-t34Jb7D\/0\/L7gr96KTJHJhNCQnktFkhvpQBTVmkDBrsGJ3t2msC\/L\/jardin%20majorelle%20musee%20arts%20berberes%20pierre%20berger%20marrakech-185-L.jpg\" alt=\"Jardin Majorelle och Pierre Berger-museet f&#xF6;r berberkonst - font&#xE4;n\"\/><\/figure>\n\n<h3 class=\"wp-block-heading\">Vad har Marocko med Pierre Berger och Yves Saint Laurent att g\u00f6ra?<\/h3>\n\n<p>Pierre Berg\u00e9 och Yves Saint Laurent uppt\u00e4ckte Jardin Majorelle p\u00e5 1980-talet och best\u00e4mde sig f\u00f6r att restaurera den f\u00f6r att r\u00e4dda den fr\u00e5n en fastighetsutveckling. De skapade sedan Mus\u00e9e Pierre Berg\u00e9 des Arts Berb\u00e8res, i Majorelles tidigare verkstad, f\u00f6r att st\u00e4lla ut sin samling av berbisk konst. Tack vare deras engagemang har dessa symboliska platser kunnat bevaras och \u00f6ppnas f\u00f6r allm\u00e4nheten, vilket har skapat en varaktig koppling mellan deras konstn\u00e4rliga arbete och Marockos kulturarv.  <\/p>\n\n<figure class=\"wp-block-image size-large\"><img decoding=\"async\" src=\"https:\/\/photos.smugmug.com\/Maroc-Lovers\/Marrakech\/Jardin-Majorelle-Mus&#xE9;e-arts-berb&#xE8;res-Pierre-Berger\/i-P95736f\/0\/KdVxpvhjxSkHTm8mThH52z2vHGntm6jnVM3gppFfP\/L\/jardin%20majorelle%20musee%20arts%20berberes%20pierre%20berger%20marrakech-099-L.jpg\" alt=\"Jardin Majorelle och Pierre Berger-museet f&#xF6;r berberkonst - Love gallery\"\/><\/figure>\n\n<div style=\"margin-top:8%;margin-bottom:8%\" class=\"wp-block-genesis-blocks-gb-container box gb-block-container\"><div class=\"gb-container-inside\"><div class=\"gb-container-content\" style=\"max-width:700px\">\n<div class=\"wp-block-genesis-blocks-gb-container box_titre gb-block-container\"><div class=\"gb-container-inside\"><div class=\"gb-container-content\">\n<h5 class=\"titre_box\">PLANERA DIN RESA TILL <span class=\"titre_box_manuscrit\">Marocko<\/span><\/h5>\n<\/div><\/div><\/div>\n\n\n\n<hr class=\"wp-block-separator has-text-color has-alpha-channel-opacity has-background is-style-wide hr-box-planif\" style=\"background-color:#ccd3dd;color:#ccd3dd\"\/>\n\n\n\n<div class=\"wp-block-columns box_sans_border is-layout-flex wp-container-core-columns-is-layout-9d6595d7 wp-block-columns-is-layout-flex\">\n<div class=\"wp-block-column texte_planif is-layout-flow wp-block-column-is-layout-flow\" style=\"font-size:14px;flex-basis:60%\">\n<ul class=\"wp-block-list\">\n<li><strong>B\u00e4st av<\/strong><\/li>\n<\/ul>\n\n\n\n<p class=\"ul_box\" style=\"font-size:14px\"><a href=\"https:\/\/maroclovers.com\/sv\/landskap-marocko-foton\/\" target=\"_blank\" rel=\"noreferrer noopener\">De vackraste landskapen<\/a> i Marocko<br\/>Vad man kan g\u00f6ra i Marocko (kommer snart)<br\/><a href=\"https:\/\/maroclovers.com\/sv\/basta-riader-marocko\/\" target=\"_blank\" rel=\"noreferrer noopener\">De vackraste riaderna<\/a><br\/><a href=\"https:\/\/maroclovers.com\/sv\/basta-staderna-marocko\/\" target=\"_blank\" rel=\"noreferrer noopener\">De vackraste st\u00e4derna<\/a><br\/><a href=\"https:\/\/maroclovers.com\/sv\/vackraste-medinor-marocko\/\" type=\"post\" id=\"11779\" target=\"_blank\" rel=\"noreferrer noopener\">De vackraste medinorna<\/a><br\/>De vackraste tr\u00e4dg\u00e5rdarna (kommer snart)<br\/>De b\u00e4sta museerna (kommer snart)<br\/>De vackraste str\u00e4nderna i Marocko (kommer snart)<\/p>\n<\/div>\n\n\n\n<div class=\"wp-block-column is-vertically-aligned-top planif-radius is-layout-flow wp-block-column-is-layout-flow\" style=\"flex-basis:40%\">\n<figure class=\"wp-block-image size-large img-portrait\"><img decoding=\"async\" src=\"https:\/\/photos.smugmug.com\/Maroc-Lovers\/Gorge-du-Dades-valley\/i-2HqrmHN\/0\/NSnpPkgpvssC8wJRk6TT2C2GtMZNd4PVnjsgrbHBf\/L\/IMG_1480-L.jpg\" alt=\"Dades-dalen\" title=\"\"\/><\/figure>\n<\/div>\n<\/div>\n\n\n\n<hr class=\"wp-block-separator has-text-color has-alpha-channel-opacity has-background is-style-wide hr-box-planif\" style=\"background-color:#ccd3dd;color:#ccd3dd\"\/>\n\n\n\n<div class=\"wp-block-columns box_sans_border is-layout-flex wp-container-core-columns-is-layout-9d6595d7 wp-block-columns-is-layout-flex\">\n<div class=\"wp-block-column texte_planif is-layout-flow wp-block-column-is-layout-flow\" style=\"flex-basis:60%\">\n<ul class=\"wp-block-list\">\n<li><strong>Praktiska r\u00e5d<\/strong><\/li>\n<\/ul>\n\n\n\n<p style=\"font-size:14px\"><br\/>N\u00e4r ska du \u00e5ka? <br\/> Marocko<br\/>(kommer snart) Hur man hyr en bil p\u00e5 (kommer snart) K\u00f6rtips (kommer snart)<\/p>\n\n\n\n<p style=\"font-size:14px\">Resplaner (kommer snart)<\/p>\n\n\n\n<p style=\"font-size:14px\">Marocko Var man kan bo p\u00e5 (kommer snart)<\/p>\n<\/div>\n\n\n\n<div class=\"wp-block-column is-vertically-aligned-top planif-radius is-layout-flow wp-block-column-is-layout-flow\" style=\"flex-basis:40%\">\n<figure class=\"wp-block-image size-large img-portrait\"><img decoding=\"async\" src=\"https:\/\/photos.smugmug.com\/Maroc-Lovers\/Routes\/i-RdcjS8w\/0\/KF8k4fZxV246dHLwfg82ZrP5CssqnPhrx86FwwZpJ\/L\/IMG_1458-L.jpg\" alt=\"Atlasbergen\" title=\"\"\/><\/figure>\n<\/div>\n<\/div>\n\n\n\n<hr class=\"wp-block-separator has-text-color has-alpha-channel-opacity has-background is-style-wide hr-box-planif\" style=\"background-color:#ccd3dd;color:#ccd3dd\"\/>\n\n\n\n<div class=\"wp-block-columns box_sans_border is-layout-flex wp-container-core-columns-is-layout-9d6595d7 wp-block-columns-is-layout-flex\">\n<div class=\"wp-block-column texte_planif is-layout-flow wp-block-column-is-layout-flow\" style=\"flex-basis:60%\">\n<ul class=\"wp-block-list\">\n<li><strong>Det du m\u00e5ste ha<\/strong><\/li>\n<\/ul>\n\n\n\n<p style=\"font-size:14px\"><a href=\"https:\/\/maroclovers.com\/sv\/sevardheter-marrakech-att-gora\/\" target=\"_blank\" rel=\"noreferrer noopener\">Marrakech <\/a><br\/><a href=\"https:\/\/maroclovers.com\/sv\/sevardheter-casablanca-att-gora\/\" target=\"_blank\" rel=\"noreferrer noopener\">Casablanca<\/a><br\/> F\u00e8s<br\/> Mekn\u00e8s<br\/><a href=\"https:\/\/maroclovers.com\/sv\/sevardheter-chefchaouen-att-gora\/\" target=\"_blank\" rel=\"noreferrer noopener\">Chefchaouen<\/a><br\/>Sahara\u00f6knen (kommer snart)<br\/><\/p>\n<\/div>\n\n\n\n<div class=\"wp-block-column is-vertically-aligned-top planif-radius is-layout-flow wp-block-column-is-layout-flow\" style=\"flex-basis:40%\">\n<figure class=\"wp-block-image size-large img-portrait\"><img decoding=\"async\" src=\"https:\/\/photos.smugmug.com\/Maroc-Lovers\/Casablanca\/Hassan-II-Mosque\/i-8szjVqh\/0\/L4mGVMq4pXWWdfxxXdr9pNMShtR972X3RrHqTTQfz\/L\/hassan-2-mosque-casablanca-15-L.jpg\" alt=\"Casablancas mosk&#xE9;\" title=\"\"\/><\/figure>\n<\/div>\n<\/div>\n\n\n\n<div style=\"height:30px\" aria-hidden=\"true\" class=\"wp-block-spacer\"><\/div>\n<\/div><\/div><\/div>\n","protected":false},"excerpt":{"rendered":"<p>P\u00e5 ena sidan en tr\u00e4dg\u00e5rd som kommer att f\u00f6rv\u00e5na dig med sina livfulla f\u00e4rger och frodiga v\u00e4xtlighet, en sann oas av frid i hj\u00e4rtat av Marrakech. P\u00e5 den andra sidan finns ett museum som avsl\u00f6jar den berbiska kulturens rikedom genom noggrant utst\u00e4llda f\u00f6rem\u00e5l, smycken och textilier. Tillsammans erbjuder Jardin Majorelle och Pierre Berger Museum of [&hellip;]<\/p>\n","protected":false},"author":6,"featured_media":11540,"comment_status":"closed","ping_status":"closed","sticky":false,"template":"","format":"standard","meta":{"_genesis_hide_title":false,"_genesis_hide_breadcrumbs":false,"_genesis_hide_singular_image":false,"_genesis_hide_footer_widgets":false,"_genesis_custom_body_class":"","_genesis_custom_post_class":"","_genesis_layout":"","footnotes":""},"categories":[87],"tags":[],"class_list":{"0":"post-11543","1":"post","2":"type-post","3":"status-publish","4":"format-standard","5":"has-post-thumbnail","7":"category-marrakesh-sv","8":"entry"},"yoast_head":"<!-- This site is optimized with the Yoast SEO plugin v27.2 - https:\/\/yoast.com\/product\/yoast-seo-wordpress\/ -->\n<title>Jardin Majorelle och Berber Arts Museum (Marrakech): bes\u00f6k<\/title>\n<meta name=\"description\" content=\"V\u00e5ra tips f\u00f6r att bes\u00f6ka Jardin Majorelle &amp; Pierre Berger Museum of Berber Art i Marrakech: samlingar, tillg\u00e5ng, praktisk information ...\" \/>\n<meta name=\"robots\" content=\"index, follow, max-snippet:-1, max-image-preview:large, max-video-preview:-1\" \/>\n<link rel=\"canonical\" href=\"https:\/\/maroclovers.com\/sv\/besok-jardin-majorelle-museum-berber-arts-pierre-berger-marrakech\/\" \/>\n<meta property=\"og:locale\" content=\"sv_SE\" \/>\n<meta property=\"og:type\" content=\"article\" \/>\n<meta property=\"og:title\" content=\"Jardin Majorelle och Berber Arts Museum (Marrakech): bes\u00f6k\" \/>\n<meta property=\"og:description\" content=\"V\u00e5ra tips f\u00f6r att bes\u00f6ka Jardin Majorelle &amp; Pierre Berger Museum of Berber Art i Marrakech: samlingar, tillg\u00e5ng, praktisk information ...\" \/>\n<meta property=\"og:url\" content=\"https:\/\/maroclovers.com\/sv\/besok-jardin-majorelle-museum-berber-arts-pierre-berger-marrakech\/\" \/>\n<meta property=\"og:site_name\" content=\"Maroc Lovers\" \/>\n<meta property=\"article:published_time\" content=\"2025-12-12T08:29:13+00:00\" \/>\n<meta property=\"article:modified_time\" content=\"2025-12-16T10:40:51+00:00\" \/>\n<meta property=\"og:image\" content=\"https:\/\/maroclovers.com\/wp-content\/uploads\/2025\/12\/besoka-majorelle-tradgard-museum-berberkonst-pierre-berger-marrakech-SE.jpg\" \/>\n\t<meta property=\"og:image:width\" content=\"1067\" \/>\n\t<meta property=\"og:image:height\" content=\"800\" \/>\n\t<meta property=\"og:image:type\" content=\"image\/jpeg\" \/>\n<meta name=\"author\" content=\"Morgane\" \/>\n<meta name=\"twitter:card\" content=\"summary_large_image\" \/>\n<meta name=\"twitter:label1\" content=\"Written by\" \/>\n\t<meta name=\"twitter:data1\" content=\"Morgane\" \/>\n\t<meta name=\"twitter:label2\" content=\"Est. reading time\" \/>\n\t<meta name=\"twitter:data2\" content=\"11 minuter\" \/>\n<script type=\"application\/ld+json\" class=\"yoast-schema-graph\">{\"@context\":\"https:\/\/schema.org\",\"@graph\":[{\"@type\":\"Article\",\"@id\":\"https:\/\/maroclovers.com\/sv\/besok-jardin-majorelle-museum-berber-arts-pierre-berger-marrakech\/#article\",\"isPartOf\":{\"@id\":\"https:\/\/maroclovers.com\/sv\/besok-jardin-majorelle-museum-berber-arts-pierre-berger-marrakech\/\"},\"author\":{\"name\":\"Morgane\",\"@id\":\"https:\/\/maroclovers.com\/sv\/#\/schema\/person\/dbedc8fc6707711b5fb3b5a67d75c5e3\"},\"headline\":\"Jardin Majorelle och Berber Arts Museum (Marrakech): bes\u00f6k\",\"datePublished\":\"2025-12-12T08:29:13+00:00\",\"dateModified\":\"2025-12-16T10:40:51+00:00\",\"mainEntityOfPage\":{\"@id\":\"https:\/\/maroclovers.com\/sv\/besok-jardin-majorelle-museum-berber-arts-pierre-berger-marrakech\/\"},\"wordCount\":2301,\"publisher\":{\"@id\":\"https:\/\/maroclovers.com\/sv\/#organization\"},\"image\":{\"@id\":\"https:\/\/maroclovers.com\/sv\/besok-jardin-majorelle-museum-berber-arts-pierre-berger-marrakech\/#primaryimage\"},\"thumbnailUrl\":\"https:\/\/maroclovers.com\/wp-content\/uploads\/2025\/12\/besoka-majorelle-tradgard-museum-berberkonst-pierre-berger-marrakech-SE.jpg\",\"articleSection\":[\"Marrakesh\"],\"inLanguage\":\"sv-SE\"},{\"@type\":\"WebPage\",\"@id\":\"https:\/\/maroclovers.com\/sv\/besok-jardin-majorelle-museum-berber-arts-pierre-berger-marrakech\/\",\"url\":\"https:\/\/maroclovers.com\/sv\/besok-jardin-majorelle-museum-berber-arts-pierre-berger-marrakech\/\",\"name\":\"Jardin Majorelle och Berber Arts Museum (Marrakech): bes\u00f6k\",\"isPartOf\":{\"@id\":\"https:\/\/maroclovers.com\/sv\/#website\"},\"primaryImageOfPage\":{\"@id\":\"https:\/\/maroclovers.com\/sv\/besok-jardin-majorelle-museum-berber-arts-pierre-berger-marrakech\/#primaryimage\"},\"image\":{\"@id\":\"https:\/\/maroclovers.com\/sv\/besok-jardin-majorelle-museum-berber-arts-pierre-berger-marrakech\/#primaryimage\"},\"thumbnailUrl\":\"https:\/\/maroclovers.com\/wp-content\/uploads\/2025\/12\/besoka-majorelle-tradgard-museum-berberkonst-pierre-berger-marrakech-SE.jpg\",\"datePublished\":\"2025-12-12T08:29:13+00:00\",\"dateModified\":\"2025-12-16T10:40:51+00:00\",\"description\":\"V\u00e5ra tips f\u00f6r att bes\u00f6ka Jardin Majorelle & Pierre Berger Museum of Berber Art i Marrakech: samlingar, tillg\u00e5ng, praktisk information ...\",\"breadcrumb\":{\"@id\":\"https:\/\/maroclovers.com\/sv\/besok-jardin-majorelle-museum-berber-arts-pierre-berger-marrakech\/#breadcrumb\"},\"inLanguage\":\"sv-SE\",\"potentialAction\":[{\"@type\":\"ReadAction\",\"target\":[\"https:\/\/maroclovers.com\/sv\/besok-jardin-majorelle-museum-berber-arts-pierre-berger-marrakech\/\"]}]},{\"@type\":\"ImageObject\",\"inLanguage\":\"sv-SE\",\"@id\":\"https:\/\/maroclovers.com\/sv\/besok-jardin-majorelle-museum-berber-arts-pierre-berger-marrakech\/#primaryimage\",\"url\":\"https:\/\/maroclovers.com\/wp-content\/uploads\/2025\/12\/besoka-majorelle-tradgard-museum-berberkonst-pierre-berger-marrakech-SE.jpg\",\"contentUrl\":\"https:\/\/maroclovers.com\/wp-content\/uploads\/2025\/12\/besoka-majorelle-tradgard-museum-berberkonst-pierre-berger-marrakech-SE.jpg\",\"width\":1067,\"height\":800,\"caption\":\"besoka majorelle tradgard museum berberkonst pierre berger marrakech SE\"},{\"@type\":\"BreadcrumbList\",\"@id\":\"https:\/\/maroclovers.com\/sv\/besok-jardin-majorelle-museum-berber-arts-pierre-berger-marrakech\/#breadcrumb\",\"itemListElement\":[{\"@type\":\"ListItem\",\"position\":1,\"name\":\"Home\",\"item\":\"https:\/\/maroclovers.com\/sv\/\"},{\"@type\":\"ListItem\",\"position\":2,\"name\":\"Marrakesh\",\"item\":\"https:\/\/maroclovers.com\/sv\/marrakesh-sv\/\"},{\"@type\":\"ListItem\",\"position\":3,\"name\":\"Jardin Majorelle och Berber Arts Museum (Marrakech): bes\u00f6k\"}]},{\"@type\":\"WebSite\",\"@id\":\"https:\/\/maroclovers.com\/sv\/#website\",\"url\":\"https:\/\/maroclovers.com\/sv\/\",\"name\":\"Maroc Lovers\",\"description\":\"\",\"publisher\":{\"@id\":\"https:\/\/maroclovers.com\/sv\/#organization\"},\"potentialAction\":[{\"@type\":\"SearchAction\",\"target\":{\"@type\":\"EntryPoint\",\"urlTemplate\":\"https:\/\/maroclovers.com\/sv\/?s={search_term_string}\"},\"query-input\":{\"@type\":\"PropertyValueSpecification\",\"valueRequired\":true,\"valueName\":\"search_term_string\"}}],\"inLanguage\":\"sv-SE\"},{\"@type\":\"Organization\",\"@id\":\"https:\/\/maroclovers.com\/sv\/#organization\",\"name\":\"Maroc Lovers\",\"url\":\"https:\/\/maroclovers.com\/sv\/\",\"logo\":{\"@type\":\"ImageObject\",\"inLanguage\":\"sv-SE\",\"@id\":\"https:\/\/maroclovers.com\/sv\/#\/schema\/logo\/image\/\",\"url\":\"https:\/\/maroclovers.com\/wp-content\/uploads\/2025\/01\/Maroc-Lovers-Logos-RVB_Principal-bicolore.png\",\"contentUrl\":\"https:\/\/maroclovers.com\/wp-content\/uploads\/2025\/01\/Maroc-Lovers-Logos-RVB_Principal-bicolore.png\",\"width\":2305,\"height\":746,\"caption\":\"Maroc Lovers\"},\"image\":{\"@id\":\"https:\/\/maroclovers.com\/sv\/#\/schema\/logo\/image\/\"}},{\"@type\":\"Person\",\"@id\":\"https:\/\/maroclovers.com\/sv\/#\/schema\/person\/dbedc8fc6707711b5fb3b5a67d75c5e3\",\"name\":\"Morgane\",\"image\":{\"@type\":\"ImageObject\",\"inLanguage\":\"sv-SE\",\"@id\":\"https:\/\/secure.gravatar.com\/avatar\/afa26912805402e3ea29288b7478a6a37b47e98385c004daed7d76f04733a512?s=96&d=mm&r=g\",\"url\":\"https:\/\/secure.gravatar.com\/avatar\/afa26912805402e3ea29288b7478a6a37b47e98385c004daed7d76f04733a512?s=96&d=mm&r=g\",\"contentUrl\":\"https:\/\/secure.gravatar.com\/avatar\/afa26912805402e3ea29288b7478a6a37b47e98385c004daed7d76f04733a512?s=96&d=mm&r=g\",\"caption\":\"Morgane\"},\"sameAs\":[\"https:\/\/maroclovers.com\/morgane-mazelier\/\"],\"url\":\"https:\/\/maroclovers.com\/sv\/author\/morgane\/\"}]}<\/script>\n<!-- \/ Yoast SEO plugin. -->","yoast_head_json":{"title":"Jardin Majorelle och Berber Arts Museum (Marrakech): bes\u00f6k","description":"V\u00e5ra tips f\u00f6r att bes\u00f6ka Jardin Majorelle & Pierre Berger Museum of Berber Art i Marrakech: samlingar, tillg\u00e5ng, praktisk information ...","robots":{"index":"index","follow":"follow","max-snippet":"max-snippet:-1","max-image-preview":"max-image-preview:large","max-video-preview":"max-video-preview:-1"},"canonical":"https:\/\/maroclovers.com\/sv\/besok-jardin-majorelle-museum-berber-arts-pierre-berger-marrakech\/","og_locale":"sv_SE","og_type":"article","og_title":"Jardin Majorelle och Berber Arts Museum (Marrakech): bes\u00f6k","og_description":"V\u00e5ra tips f\u00f6r att bes\u00f6ka Jardin Majorelle & Pierre Berger Museum of Berber Art i Marrakech: samlingar, tillg\u00e5ng, praktisk information ...","og_url":"https:\/\/maroclovers.com\/sv\/besok-jardin-majorelle-museum-berber-arts-pierre-berger-marrakech\/","og_site_name":"Maroc Lovers","article_published_time":"2025-12-12T08:29:13+00:00","article_modified_time":"2025-12-16T10:40:51+00:00","og_image":[{"width":1067,"height":800,"url":"https:\/\/maroclovers.com\/wp-content\/uploads\/2025\/12\/besoka-majorelle-tradgard-museum-berberkonst-pierre-berger-marrakech-SE.jpg","type":"image\/jpeg"}],"author":"Morgane","twitter_card":"summary_large_image","twitter_misc":{"Written by":"Morgane","Est. reading time":"11 minuter"},"schema":{"@context":"https:\/\/schema.org","@graph":[{"@type":"Article","@id":"https:\/\/maroclovers.com\/sv\/besok-jardin-majorelle-museum-berber-arts-pierre-berger-marrakech\/#article","isPartOf":{"@id":"https:\/\/maroclovers.com\/sv\/besok-jardin-majorelle-museum-berber-arts-pierre-berger-marrakech\/"},"author":{"name":"Morgane","@id":"https:\/\/maroclovers.com\/sv\/#\/schema\/person\/dbedc8fc6707711b5fb3b5a67d75c5e3"},"headline":"Jardin Majorelle och Berber Arts Museum (Marrakech): bes\u00f6k","datePublished":"2025-12-12T08:29:13+00:00","dateModified":"2025-12-16T10:40:51+00:00","mainEntityOfPage":{"@id":"https:\/\/maroclovers.com\/sv\/besok-jardin-majorelle-museum-berber-arts-pierre-berger-marrakech\/"},"wordCount":2301,"publisher":{"@id":"https:\/\/maroclovers.com\/sv\/#organization"},"image":{"@id":"https:\/\/maroclovers.com\/sv\/besok-jardin-majorelle-museum-berber-arts-pierre-berger-marrakech\/#primaryimage"},"thumbnailUrl":"https:\/\/maroclovers.com\/wp-content\/uploads\/2025\/12\/besoka-majorelle-tradgard-museum-berberkonst-pierre-berger-marrakech-SE.jpg","articleSection":["Marrakesh"],"inLanguage":"sv-SE"},{"@type":"WebPage","@id":"https:\/\/maroclovers.com\/sv\/besok-jardin-majorelle-museum-berber-arts-pierre-berger-marrakech\/","url":"https:\/\/maroclovers.com\/sv\/besok-jardin-majorelle-museum-berber-arts-pierre-berger-marrakech\/","name":"Jardin Majorelle och Berber Arts Museum (Marrakech): bes\u00f6k","isPartOf":{"@id":"https:\/\/maroclovers.com\/sv\/#website"},"primaryImageOfPage":{"@id":"https:\/\/maroclovers.com\/sv\/besok-jardin-majorelle-museum-berber-arts-pierre-berger-marrakech\/#primaryimage"},"image":{"@id":"https:\/\/maroclovers.com\/sv\/besok-jardin-majorelle-museum-berber-arts-pierre-berger-marrakech\/#primaryimage"},"thumbnailUrl":"https:\/\/maroclovers.com\/wp-content\/uploads\/2025\/12\/besoka-majorelle-tradgard-museum-berberkonst-pierre-berger-marrakech-SE.jpg","datePublished":"2025-12-12T08:29:13+00:00","dateModified":"2025-12-16T10:40:51+00:00","description":"V\u00e5ra tips f\u00f6r att bes\u00f6ka Jardin Majorelle & Pierre Berger Museum of Berber Art i Marrakech: samlingar, tillg\u00e5ng, praktisk information ...","breadcrumb":{"@id":"https:\/\/maroclovers.com\/sv\/besok-jardin-majorelle-museum-berber-arts-pierre-berger-marrakech\/#breadcrumb"},"inLanguage":"sv-SE","potentialAction":[{"@type":"ReadAction","target":["https:\/\/maroclovers.com\/sv\/besok-jardin-majorelle-museum-berber-arts-pierre-berger-marrakech\/"]}]},{"@type":"ImageObject","inLanguage":"sv-SE","@id":"https:\/\/maroclovers.com\/sv\/besok-jardin-majorelle-museum-berber-arts-pierre-berger-marrakech\/#primaryimage","url":"https:\/\/maroclovers.com\/wp-content\/uploads\/2025\/12\/besoka-majorelle-tradgard-museum-berberkonst-pierre-berger-marrakech-SE.jpg","contentUrl":"https:\/\/maroclovers.com\/wp-content\/uploads\/2025\/12\/besoka-majorelle-tradgard-museum-berberkonst-pierre-berger-marrakech-SE.jpg","width":1067,"height":800,"caption":"besoka majorelle tradgard museum berberkonst pierre berger marrakech SE"},{"@type":"BreadcrumbList","@id":"https:\/\/maroclovers.com\/sv\/besok-jardin-majorelle-museum-berber-arts-pierre-berger-marrakech\/#breadcrumb","itemListElement":[{"@type":"ListItem","position":1,"name":"Home","item":"https:\/\/maroclovers.com\/sv\/"},{"@type":"ListItem","position":2,"name":"Marrakesh","item":"https:\/\/maroclovers.com\/sv\/marrakesh-sv\/"},{"@type":"ListItem","position":3,"name":"Jardin Majorelle och Berber Arts Museum (Marrakech): bes\u00f6k"}]},{"@type":"WebSite","@id":"https:\/\/maroclovers.com\/sv\/#website","url":"https:\/\/maroclovers.com\/sv\/","name":"Maroc Lovers","description":"","publisher":{"@id":"https:\/\/maroclovers.com\/sv\/#organization"},"potentialAction":[{"@type":"SearchAction","target":{"@type":"EntryPoint","urlTemplate":"https:\/\/maroclovers.com\/sv\/?s={search_term_string}"},"query-input":{"@type":"PropertyValueSpecification","valueRequired":true,"valueName":"search_term_string"}}],"inLanguage":"sv-SE"},{"@type":"Organization","@id":"https:\/\/maroclovers.com\/sv\/#organization","name":"Maroc Lovers","url":"https:\/\/maroclovers.com\/sv\/","logo":{"@type":"ImageObject","inLanguage":"sv-SE","@id":"https:\/\/maroclovers.com\/sv\/#\/schema\/logo\/image\/","url":"https:\/\/maroclovers.com\/wp-content\/uploads\/2025\/01\/Maroc-Lovers-Logos-RVB_Principal-bicolore.png","contentUrl":"https:\/\/maroclovers.com\/wp-content\/uploads\/2025\/01\/Maroc-Lovers-Logos-RVB_Principal-bicolore.png","width":2305,"height":746,"caption":"Maroc Lovers"},"image":{"@id":"https:\/\/maroclovers.com\/sv\/#\/schema\/logo\/image\/"}},{"@type":"Person","@id":"https:\/\/maroclovers.com\/sv\/#\/schema\/person\/dbedc8fc6707711b5fb3b5a67d75c5e3","name":"Morgane","image":{"@type":"ImageObject","inLanguage":"sv-SE","@id":"https:\/\/secure.gravatar.com\/avatar\/afa26912805402e3ea29288b7478a6a37b47e98385c004daed7d76f04733a512?s=96&d=mm&r=g","url":"https:\/\/secure.gravatar.com\/avatar\/afa26912805402e3ea29288b7478a6a37b47e98385c004daed7d76f04733a512?s=96&d=mm&r=g","contentUrl":"https:\/\/secure.gravatar.com\/avatar\/afa26912805402e3ea29288b7478a6a37b47e98385c004daed7d76f04733a512?s=96&d=mm&r=g","caption":"Morgane"},"sameAs":["https:\/\/maroclovers.com\/morgane-mazelier\/"],"url":"https:\/\/maroclovers.com\/sv\/author\/morgane\/"}]}},"featured_image_src":"https:\/\/maroclovers.com\/wp-content\/uploads\/2025\/12\/besoka-majorelle-tradgard-museum-berberkonst-pierre-berger-marrakech-SE-600x400.jpg","featured_image_src_square":"https:\/\/maroclovers.com\/wp-content\/uploads\/2025\/12\/besoka-majorelle-tradgard-museum-berberkonst-pierre-berger-marrakech-SE-600x600.jpg","author_info":{"display_name":"Morgane","author_link":"https:\/\/maroclovers.com\/sv\/author\/morgane\/"},"_links":{"self":[{"href":"https:\/\/maroclovers.com\/sv\/wp-json\/wp\/v2\/posts\/11543","targetHints":{"allow":["GET"]}}],"collection":[{"href":"https:\/\/maroclovers.com\/sv\/wp-json\/wp\/v2\/posts"}],"about":[{"href":"https:\/\/maroclovers.com\/sv\/wp-json\/wp\/v2\/types\/post"}],"author":[{"embeddable":true,"href":"https:\/\/maroclovers.com\/sv\/wp-json\/wp\/v2\/users\/6"}],"replies":[{"embeddable":true,"href":"https:\/\/maroclovers.com\/sv\/wp-json\/wp\/v2\/comments?post=11543"}],"version-history":[{"count":0,"href":"https:\/\/maroclovers.com\/sv\/wp-json\/wp\/v2\/posts\/11543\/revisions"}],"wp:featuredmedia":[{"embeddable":true,"href":"https:\/\/maroclovers.com\/sv\/wp-json\/wp\/v2\/media\/11540"}],"wp:attachment":[{"href":"https:\/\/maroclovers.com\/sv\/wp-json\/wp\/v2\/media?parent=11543"}],"wp:term":[{"taxonomy":"category","embeddable":true,"href":"https:\/\/maroclovers.com\/sv\/wp-json\/wp\/v2\/categories?post=11543"},{"taxonomy":"post_tag","embeddable":true,"href":"https:\/\/maroclovers.com\/sv\/wp-json\/wp\/v2\/tags?post=11543"}],"curies":[{"name":"wp","href":"https:\/\/api.w.org\/{rel}","templated":true}]}}